{"id":214867,"date":"2023-06-14T20:25:46","date_gmt":"2023-06-14T23:25:46","guid":{"rendered":"https:\/\/diarioregionaldigital.com.br\/?p=214867"},"modified":"2023-06-14T20:25:46","modified_gmt":"2023-06-14T23:25:46","slug":"shows-competicao-leiteira-e-feira-de-queijos-sao-atracoes-do-31o-torneio-leiteiro-e-2a-expoagro-de-humaita","status":"publish","type":"post","link":"https:\/\/diarioregionaldigital.com.br\/?p=214867","title":{"rendered":"Shows, competi\u00e7\u00e3o leiteira e feira de queijos s\u00e3o atra\u00e7\u00f5es do 31\u00ba Torneio Leiteiro e 2\u00aa ExpoAgro de Humait\u00e1"},"content":{"rendered":"<p>Segundo informa\u00e7\u00f5es do site da Prefeitura de Juiz de Fora (PJF), come\u00e7a nesta quinta-feira, 15, o \u201c31\u00ba Torneio Leiteiro e 2\u00ba ExpoAgro de Humait\u00e1&#8221;. O evento ser\u00e1 realizado no campo da comunidade e a programa\u00e7\u00e3o oficial come\u00e7ar\u00e1 \u00e0s 18h, com a retirada do leite dos animais que v\u00e3o participar da competi\u00e7\u00e3o leiteira. \u00c0s 19h haver\u00e1 a abertura oficial das festividades na localidade, na sequ\u00eancia missa do imposs\u00edvel.<\/p>\n<div id=\"box_texto_noticia\">\n<p>&nbsp;<\/p>\n<p>As atra\u00e7\u00f5es s\u00e3o gratuitas e seguem at\u00e9 domingo, 18, incluindo shows, a tradicional competi\u00e7\u00e3o da produ\u00e7\u00e3o leiteira e\u00a0 feira de queijos. Al\u00e9m disso, no s\u00e1bado, 17, \u00e0s 8h, haver\u00e1 o Projeto JF Lazer, da Secretaria de Esporte e Lazer (SEL) da Prefeitura de Juiz de Fora (PJF), que levar\u00e1 brinquedos infl\u00e1veis, tot\u00f3, ping pong, parquinho infantil, cama el\u00e1stica e jogos de bola de forma gratuita para a divers\u00e3o de toda a comunidade. Confira a programa\u00e7\u00e3o completa abaixo.<br \/>\nConfira o calend\u00e1rio de Torneios Leiteiros\u00a0<a href=\"https:\/\/www.pjf.mg.gov.br\/secretarias\/seapa\/torneio_leiteiro\/index.php\">aqui<\/a>, que acontecer\u00e1 at\u00e9 o m\u00eas de agosto em diversas localidades e distritos do munic\u00edpio.<\/p>\n<p><strong>Confira a programa\u00e7\u00e3o completa:<\/strong><br \/>\n<strong>Quinta-feira (15\/06)<\/strong><br \/>\n<strong>18h<\/strong>\u00a0&#8211; Esgota (retirada do leite) dos animais<\/p>\n<p><strong>19h<\/strong>\u00a0&#8211; Abertura oficial<\/p>\n<p><strong>19h30<\/strong>\u00a0&#8211; Missa do Imposs\u00edvel com Padre Pierre Maur\u00edcio<\/p>\n<p><strong>22h &#8211;\u00a0<\/strong>Show com Thiago Lins<br \/>\n<strong>Sexta-feira (16\/06)<\/strong><br \/>\n<strong>8h<\/strong>\u00a0&#8211; Primeira ordenha<\/p>\n<p><strong>19h<\/strong>\u00a0&#8211; Segunda ordenha<\/p>\n<p><strong>22h45<\/strong>\u00a0&#8211; Show com Renan e Christiano<\/p>\n<p><strong>1h<\/strong>\u00a0&#8211; Show com a Banda Sintaliga<\/p>\n<p><strong>S\u00e1bado (17\/06)<\/strong><br \/>\n<strong>8h<\/strong>\u00a0&#8211; Terceira ordenha<\/p>\n<p><strong>8h &#8211;<\/strong>\u00a0Projeto JF Lazer<\/p>\n<p><strong>9h &#8211;<\/strong>\u00a0 Feira do Queijo (Senar e Sindicato Rural)<\/p>\n<p><strong>19h<\/strong>\u00a0&#8211; Quarta ordenha<\/p>\n<p><strong>21h<\/strong>\u00a0&#8211; Show com DJ Kall\u00f4<\/p>\n<p><strong>23h<\/strong>\u00a0&#8211; Show com Dennis e Cristiano<\/p>\n<p><strong>1h\u00a0<\/strong>&#8211; Show com Ligeirinho Sanfoneiro<\/p>\n<p><strong>Domingo (18\/06)<\/strong><br \/>\n<strong>8h &#8211;<\/strong>\u00a0Quinta ordenha<\/p>\n<p><strong>9h &#8211;<\/strong>\u00a0Encontro de Ciclismo<\/p>\n<p><strong>11h &#8211;<\/strong>\u00a0Premia\u00e7\u00e3o dos produtores<\/p>\n<p><strong>13h &#8211;<\/strong>\u00a0Som Mec\u00e2nico<\/p>\n<p><strong>15h &#8211;<\/strong>\u00a0Show com Tia Nara e Cia<\/p>\n<p><strong>17h20 &#8211;<\/strong>\u00a0Premia\u00e7\u00e3o e coroa\u00e7\u00e3o do rei e rainha da festa<\/p>\n<p><strong>17h30 &#8211;<\/strong>\u00a0Show com Luka Santiago<\/p>\n<p><strong>19h45 &#8211;<\/strong>\u00a0Show com Monique e Leonardo<\/p>\n<\/div>\n<p>&nbsp;<\/p>\n<div id=\"box_compartilhar\" align=\"right\"><\/div>\n","protected":false},"excerpt":{"rendered":"<p>Segundo informa\u00e7\u00f5es do site da Prefeitura de Juiz de Fora (PJF), come\u00e7a nesta quinta-feira, 15, o \u201c31\u00ba Torneio Leiteiro e 2\u00ba ExpoAgro de Humait\u00e1&#8221;. O evento ser\u00e1 realizado no campo da comunidade e a programa\u00e7\u00e3o oficial come\u00e7ar\u00e1 \u00e0s 18h, com a retirada do leite dos animais que v\u00e3o participar da competi\u00e7\u00e3o leiteira. \u00c0s 19h haver\u00e1 [&hellip;]<\/p>\n","protected":false},"author":246,"featured_media":214868,"comment_status":"closed","ping_status":"closed","sticky":false,"template":"","format":"standard","meta":{"footnotes":""},"categories":[253,436,439],"tags":[],"class_list":["post-214867","post","type-post","status-publish","format-standard","has-post-thumbnail","hentry","category-cidade","category-destaque-da-semana","category-ultima-hora"],"_links":{"self":[{"href":"https:\/\/diarioregionaldigital.com.br\/index.php?rest_route=\/wp\/v2\/posts\/214867","targetHints":{"allow":["GET"]}}],"collection":[{"href":"https:\/\/diarioregionaldigital.com.br\/index.php?rest_route=\/wp\/v2\/posts"}],"about":[{"href":"https:\/\/diarioregionaldigital.com.br\/index.php?rest_route=\/wp\/v2\/types\/post"}],"author":[{"embeddable":true,"href":"https:\/\/diarioregionaldigital.com.br\/index.php?rest_route=\/wp\/v2\/users\/246"}],"replies":[{"embeddable":true,"href":"https:\/\/diarioregionaldigital.com.br\/index.php?rest_route=%2Fwp%2Fv2%2Fcomments&post=214867"}],"version-history":[{"count":1,"href":"https:\/\/diarioregionaldigital.com.br\/index.php?rest_route=\/wp\/v2\/posts\/214867\/revisions"}],"predecessor-version":[{"id":214869,"href":"https:\/\/diarioregionaldigital.com.br\/index.php?rest_route=\/wp\/v2\/posts\/214867\/revisions\/214869"}],"wp:featuredmedia":[{"embeddable":true,"href":"https:\/\/diarioregionaldigital.com.br\/index.php?rest_route=\/wp\/v2\/media\/214868"}],"wp:attachment":[{"href":"https:\/\/diarioregionaldigital.com.br\/index.php?rest_route=%2Fwp%2Fv2%2Fmedia&parent=214867"}],"wp:term":[{"taxonomy":"category","embeddable":true,"href":"https:\/\/diarioregionaldigital.com.br\/index.php?rest_route=%2Fwp%2Fv2%2Fcategories&post=214867"},{"taxonomy":"post_tag","embeddable":true,"href":"https:\/\/diarioregionaldigital.com.br\/index.php?rest_route=%2Fwp%2Fv2%2Ftags&post=214867"}],"curies":[{"name":"wp","href":"https:\/\/api.w.org\/{rel}","templated":true}]}}