{"id":214861,"date":"2023-06-14T20:17:41","date_gmt":"2023-06-14T23:17:41","guid":{"rendered":"https:\/\/diarioregionaldigital.com.br\/?p=214861"},"modified":"2023-06-14T20:17:41","modified_gmt":"2023-06-14T23:17:41","slug":"federacao-espanhola-e-cbf-lancam-movimento-antirracista-uma-so-pele","status":"publish","type":"post","link":"https:\/\/diarioregionaldigital.com.br\/?p=214861","title":{"rendered":"Federa\u00e7\u00e3o Espanhola e CBF lan\u00e7am movimento antirracista &#8220;Uma s\u00f3 pele&#8221;"},"content":{"rendered":"<p>A campanha antirracismo \u201cUma s\u00f3 pele\u201d, em apoio ao atacante brasileiro Vinicius J\u00fanior, foi lan\u00e7ada oficialmente nesta ter\u00e7a-feira (13) em Madrid, em encontro com os presidentes da Federa\u00e7\u00e3o Espanhola de Futebol (RFEF), Luis Rubiales, e da CBF, Ednaldo Rodrigues. \u00a0Durante o encontro foi revelado que o amistoso Brasil x Espanha, em mar\u00e7o de 2024, uma das a\u00e7\u00f5es previstas pelo movimento de combate ao racismo, ocorrer\u00e1 no no est\u00e1dio do Real Madrid, o Santiago Bernab\u00e9u. No \u00faltimo dia 21, Vini Jr. foi\u00a0<a href=\"https:\/\/agenciabrasil.ebc.com.br\/esportes\/noticia\/2023-05\/em-derrota-do-real-madrid-vini-jr-sofre-racismo-novamente\">alvo de ataques racistas pela 10\u00aa vez no Campeonato Espanhol.<\/a>\u00a0Os insultos foram proferidos na derrota do Real para o Val\u00eancia por 2 a 1.<img decoding=\"async\" src=\"https:\/\/agenciabrasil.ebc.com.br\/ebc.png?id=1537867&amp;o=node\" \/><img decoding=\"async\" src=\"https:\/\/agenciabrasil.ebc.com.br\/ebc.gif?id=1537867&amp;o=node\" \/><\/p>\n<p>&#8220;Queremos demonstrar que estamos juntos nisso e que h\u00e1 uma rela\u00e7\u00e3o magn\u00edfica entre as duas federa\u00e7\u00f5es. O futebol foi inventado para ser aproveitado,\u00a0para transmitir valores, para as pessoas se divertirem e n\u00e3o para coisas negativas como gerar viol\u00eancia, muito menos dar espa\u00e7o a\u00a0pessoas que utilizam o futebol como escudo para transmitir algo negativo\u00a0como um insulto racista ou qualquer tipo de viol\u00eancia\u201d, afirmou Rubiales.<\/p>\n<p>O encontro dos dirigentes ocorre um dia ap\u00f3s a apresenta\u00e7\u00e3o de convocados da\u00a0<a href=\"https:\/\/agenciabrasil.ebc.com.br\/esportes\/noticia\/2023-06\/brasil-jogara-de-preto-pela-1a-vez-na-historia-em-duelo-contra-guin%C3%A9\">sele\u00e7\u00e3o brasileira em Barcelona, onde a equipe enfrentar\u00e1 a Guin\u00e9\u00a0no pr\u00f3ximo s\u00e1bado (17),<\/a>\u00a0\u00e0s 16h30 (hor\u00e1rio de Bras\u00edlia), no\u00a0primeiro de dois amistosos da Data Fifa \u2013 o segundo ser\u00e1 tr\u00eas dias depois, contra o Senegal, em Lisboa (Portugal).<\/p>\n<p>O presidente da CBF defendeu a\u00e7\u00f5es mais en\u00e9rgicas das autoridades do futebol para coibir o crime de racismo. \u00a0Ele citou como exemplo as penalidades adotadas pela entidade, em fevereiro deste ano.<\/p>\n<p>&#8220;Multas n\u00e3o bastam. Os clubes tamb\u00e9m precisam ser responsabilizados. A CBF foi a primeira federa\u00e7\u00e3o de futebol a adotar san\u00e7\u00f5es mais duras para casos de racismo, como redu\u00e7\u00e3o de pontos na classifica\u00e7\u00e3o do campeonato, fechamento de arquibancadas ou expuls\u00e3o vital\u00edcia&#8221;, detalhou Ednaldo Rodrigues. \u201cPrecisamos liderar uma campanha mundial para lutar contra esse v\u00edrus que envergonha a todos no futebol\u201d.<\/p>\n<p>No final de semana seguinte aos insultos racistas contra Vini Jr. na Espanha, a CBF promoveu a campanha \u201cCom o racismo n\u00e3o tem jogo\u201d com a\u00e7\u00f5es de combate ao preconceito racial em todos os jogos da oitava rodada do Brasileir\u00e3o \u00a0&#8211; de 27 a 28 de maio.<\/p>\n<p>&#8220;N\u00e3o h\u00e1 lugar para insultos racistas em nosso futebol&#8221;, enfatizou Rubiales. &#8220;\u00c9 intoler\u00e1vel que eventos como o que aconteceu com o Valencia ocorram em nosso pa\u00eds&#8221;.<\/p>\n<p><span style=\"font-weight: 400;\"><br \/>\n<\/span><span style=\"font-weight: 400;\">Fonte: Ag\u00eancia Brasil <\/span><\/p>\n","protected":false},"excerpt":{"rendered":"<p>A campanha antirracismo \u201cUma s\u00f3 pele\u201d, em apoio ao atacante brasileiro Vinicius J\u00fanior, foi lan\u00e7ada oficialmente nesta ter\u00e7a-feira (13) em Madrid, em encontro com os presidentes da Federa\u00e7\u00e3o Espanhola de Futebol (RFEF), Luis Rubiales, e da CBF, Ednaldo Rodrigues. \u00a0Durante o encontro foi revelado que o amistoso Brasil x Espanha, em mar\u00e7o de 2024, uma [&hellip;]<\/p>\n","protected":false},"author":246,"featured_media":214862,"comment_status":"closed","ping_status":"closed","sticky":false,"template":"","format":"standard","meta":{"footnotes":""},"categories":[436,257,439],"tags":[],"class_list":["post-214861","post","type-post","status-publish","format-standard","has-post-thumbnail","hentry","category-destaque-da-semana","category-esporte","category-ultima-hora"],"_links":{"self":[{"href":"https:\/\/diarioregionaldigital.com.br\/index.php?rest_route=\/wp\/v2\/posts\/214861","targetHints":{"allow":["GET"]}}],"collection":[{"href":"https:\/\/diarioregionaldigital.com.br\/index.php?rest_route=\/wp\/v2\/posts"}],"about":[{"href":"https:\/\/diarioregionaldigital.com.br\/index.php?rest_route=\/wp\/v2\/types\/post"}],"author":[{"embeddable":true,"href":"https:\/\/diarioregionaldigital.com.br\/index.php?rest_route=\/wp\/v2\/users\/246"}],"replies":[{"embeddable":true,"href":"https:\/\/diarioregionaldigital.com.br\/index.php?rest_route=%2Fwp%2Fv2%2Fcomments&post=214861"}],"version-history":[{"count":1,"href":"https:\/\/diarioregionaldigital.com.br\/index.php?rest_route=\/wp\/v2\/posts\/214861\/revisions"}],"predecessor-version":[{"id":214863,"href":"https:\/\/diarioregionaldigital.com.br\/index.php?rest_route=\/wp\/v2\/posts\/214861\/revisions\/214863"}],"wp:featuredmedia":[{"embeddable":true,"href":"https:\/\/diarioregionaldigital.com.br\/index.php?rest_route=\/wp\/v2\/media\/214862"}],"wp:attachment":[{"href":"https:\/\/diarioregionaldigital.com.br\/index.php?rest_route=%2Fwp%2Fv2%2Fmedia&parent=214861"}],"wp:term":[{"taxonomy":"category","embeddable":true,"href":"https:\/\/diarioregionaldigital.com.br\/index.php?rest_route=%2Fwp%2Fv2%2Fcategories&post=214861"},{"taxonomy":"post_tag","embeddable":true,"href":"https:\/\/diarioregionaldigital.com.br\/index.php?rest_route=%2Fwp%2Fv2%2Ftags&post=214861"}],"curies":[{"name":"wp","href":"https:\/\/api.w.org\/{rel}","templated":true}]}}