{"id":214858,"date":"2023-06-14T20:15:59","date_gmt":"2023-06-14T23:15:59","guid":{"rendered":"https:\/\/diarioregionaldigital.com.br\/?p=214858"},"modified":"2023-06-14T20:15:59","modified_gmt":"2023-06-14T23:15:59","slug":"de-olho-no-mundial-atletismo-do-pais-leva-prata-e-2-bronzes-na-europa","status":"publish","type":"post","link":"https:\/\/diarioregionaldigital.com.br\/?p=214858","title":{"rendered":"De olho no Mundial: atletismo do pa\u00eds leva prata e 2 bronzes na Europa"},"content":{"rendered":"<p>O atletismo brasileiro segue colecionando bons resultados na Europa, em busca de pontos para a classifica\u00e7\u00e3o ao Mundial de Budapeste (Hungria), que distribui vagas para a Olimp\u00edada de Paris 2024. Na ter\u00e7a-feira (13), o mineiro Rafael Pereira faturou a prata na prova dos 100 metros com barreiras nos Jogos Paavo Nurmi Games, em Turku (Finl\u00e2ndia). J\u00e1 na Rep\u00fablica Theca, no Meeting (encontro) Kladno Kladenske Memorial, foram dois bronzes: Eric Felipe nos 200m e Pedro Henrique no lan\u00e7amento de dardo.<img decoding=\"async\" src=\"https:\/\/agenciabrasil.ebc.com.br\/ebc.png?id=1538145&amp;o=node\" \/><img decoding=\"async\" src=\"https:\/\/agenciabrasil.ebc.com.br\/ebc.gif?id=1538145&amp;o=node\" \/><\/p>\n<p>Atual recordista sul-americano, Rafael Pereira completou os 110m com barreiras em 13s41, nove cent\u00e9simos atr\u00e1s do vencedor, o norte-americano Jamal Britt (13.32), que levou o ouro. Em terceiro lugar ficou o italiano Hassane Fofana (13.43). A competi\u00e7\u00e3o na Finl\u00e2ndia\u00a0\u00a0integra a s\u00e9rie outro da Federa\u00e7\u00e3o Internacional de Atletismo (World Athetics), abaixo apenas da s\u00e9rie Diamante, a de maior pontua\u00e7\u00e3o.<\/p>\n<p>Na cidade de Kladno (Rep\u00fablica Theca), o velocista paulista Eric Cardoso assegurou o bronze com o terceiro melhor tempo (20.70) na prova dos 200m. O campe\u00e3o foi o eslovaco J\u00e1n Volko (20.60) e a prata ficou com o polon\u00eas Przemyslaw Slowikowski (20.69). Eric disputou ainda a prova do 100m, chegando em quinto lugar (10.31) \u2013 o vencedor foi o sul-africano Sul Akani Simbine (10.07).<\/p>\n<p>Quem tamb\u00e9m brilhou no Meeting Kladno Kladenske Memorial \u2013 s\u00e9rie bronze da World Athletic &#8211; foi o amazonense Pedro Henrique Nunes Rodrigues, de 22 anos, campe\u00e3o em maio do Grande Pr\u00eamio Brasil Loterias Caixa, com quebra de recorde brasileiro no lan\u00e7amento de dardo ap\u00f3s oito anos. Natural de Parintins (AM), Pedro amealhou o bronze com a marca de 76,76m. O vencedor da prova foi o sul-africano Down Smit (78,79m) e a prata ficou com o h\u00fangaro Norbert Rivasz-T\u00f3th (76,83m).<\/p>\n<h2>Ciclo para Paris 2024<\/h2>\n<p>H\u00e1 duas maneiras de os atletas assegurarem uma vaga ol\u00edmpica nos Jogos de Paris: atingindo os \u00edndices estabelecidos pelos eventos no per\u00edodo de classifica\u00e7\u00e3o ou pelo ranking mundial da ranking da World Athletics &#8211; a totaliza\u00e7\u00e3o come\u00e7ou a valer em 1\u00ba de julho e vai at\u00e9 30 de junho de 2024. Nas provas individuais, ser\u00e3o permitidos at\u00e9 tr\u00eas atletas por pa\u00eds.<\/p>\n<p>O Mundial de Budapeste (Hungria), em agosto, e os torneios nacionais (Trof\u00e9u Brasil) s\u00e3o as principais competi\u00e7\u00f5es na busca pelo \u00edndice ol\u00edmpico para provas individuais.<\/p>\n<p><span style=\"font-weight: 400;\"><br \/>\n<\/span><span style=\"font-weight: 400;\">Fonte: Ag\u00eancia Brasil <\/span><\/p>\n","protected":false},"excerpt":{"rendered":"<p>O atletismo brasileiro segue colecionando bons resultados na Europa, em busca de pontos para a classifica\u00e7\u00e3o ao Mundial de Budapeste (Hungria), que distribui vagas para a Olimp\u00edada de Paris 2024. Na ter\u00e7a-feira (13), o mineiro Rafael Pereira faturou a prata na prova dos 100 metros com barreiras nos Jogos Paavo Nurmi Games, em Turku (Finl\u00e2ndia). [&hellip;]<\/p>\n","protected":false},"author":246,"featured_media":214859,"comment_status":"closed","ping_status":"closed","sticky":false,"template":"","format":"standard","meta":{"footnotes":""},"categories":[436,257,439],"tags":[],"class_list":["post-214858","post","type-post","status-publish","format-standard","has-post-thumbnail","hentry","category-destaque-da-semana","category-esporte","category-ultima-hora"],"_links":{"self":[{"href":"https:\/\/diarioregionaldigital.com.br\/index.php?rest_route=\/wp\/v2\/posts\/214858","targetHints":{"allow":["GET"]}}],"collection":[{"href":"https:\/\/diarioregionaldigital.com.br\/index.php?rest_route=\/wp\/v2\/posts"}],"about":[{"href":"https:\/\/diarioregionaldigital.com.br\/index.php?rest_route=\/wp\/v2\/types\/post"}],"author":[{"embeddable":true,"href":"https:\/\/diarioregionaldigital.com.br\/index.php?rest_route=\/wp\/v2\/users\/246"}],"replies":[{"embeddable":true,"href":"https:\/\/diarioregionaldigital.com.br\/index.php?rest_route=%2Fwp%2Fv2%2Fcomments&post=214858"}],"version-history":[{"count":1,"href":"https:\/\/diarioregionaldigital.com.br\/index.php?rest_route=\/wp\/v2\/posts\/214858\/revisions"}],"predecessor-version":[{"id":214860,"href":"https:\/\/diarioregionaldigital.com.br\/index.php?rest_route=\/wp\/v2\/posts\/214858\/revisions\/214860"}],"wp:featuredmedia":[{"embeddable":true,"href":"https:\/\/diarioregionaldigital.com.br\/index.php?rest_route=\/wp\/v2\/media\/214859"}],"wp:attachment":[{"href":"https:\/\/diarioregionaldigital.com.br\/index.php?rest_route=%2Fwp%2Fv2%2Fmedia&parent=214858"}],"wp:term":[{"taxonomy":"category","embeddable":true,"href":"https:\/\/diarioregionaldigital.com.br\/index.php?rest_route=%2Fwp%2Fv2%2Fcategories&post=214858"},{"taxonomy":"post_tag","embeddable":true,"href":"https:\/\/diarioregionaldigital.com.br\/index.php?rest_route=%2Fwp%2Fv2%2Ftags&post=214858"}],"curies":[{"name":"wp","href":"https:\/\/api.w.org\/{rel}","templated":true}]}}