{"id":214855,"date":"2023-06-14T20:14:12","date_gmt":"2023-06-14T23:14:12","guid":{"rendered":"https:\/\/diarioregionaldigital.com.br\/?p=214855"},"modified":"2023-06-14T20:14:12","modified_gmt":"2023-06-14T23:14:12","slug":"brasil-retorna-do-parapan-de-jovens-com-52-medalhas-na-bagagem","status":"publish","type":"post","link":"https:\/\/diarioregionaldigital.com.br\/?p=214855","title":{"rendered":"Brasil retorna do Parapan de Jovens com 52 medalhas na bagagem"},"content":{"rendered":"<p>Chegou ao Brasil nesta quarta-feira (14) o \u00faltimo grupo de atletas que representou o pa\u00eds na \u00faltima edi\u00e7\u00e3o dos Jogos Parapan-Americanos de Jovens, disputado em Bogot\u00e1 (Col\u00f4mbia) entre os dias 3 e 12 de junho. A delega\u00e7\u00e3o brasileira encerrou a competi\u00e7\u00e3o na 4\u00aa posi\u00e7\u00e3o no ranking geral com a conquista de 52 medalhas (30 ouros, 13 pratas e nove bronzes).<img decoding=\"async\" src=\"https:\/\/agenciabrasil.ebc.com.br\/ebc.png?id=1538290&amp;o=node\" \/><img decoding=\"async\" src=\"https:\/\/agenciabrasil.ebc.com.br\/ebc.gif?id=1538290&amp;o=node\" \/><\/p>\n<p>Segundo o presidente do Comit\u00ea Paral\u00edmpico Brasileiro (CPB), Mizael Conrado, a participa\u00e7\u00e3o do Brasil no Parapan de Jovens foi mais uma etapa bem conclu\u00edda do planejamento estrat\u00e9gico da entidade: \u201cMais uma vez nossos atletas nos orgulharam e mostramos que somos o pa\u00eds de todas as modalidades. Gostaria de cumprimentar e agradecer tamb\u00e9m a todos os t\u00e9cnicos, \u00e0 equipe multidisciplinar e, especialmente, aos presidentes de confedera\u00e7\u00f5es que fizeram parte dessas conquistas. Esse \u00e9 apenas o in\u00edcio da vida esportiva desses jovens. Seremos ainda mais fortes no esporte paral\u00edmpico nos pr\u00f3ximos anos\u201d.<\/p>\n<p>Entre os esportes nos quais o Brasil competiu, o halterofilismo foi o que mais garantiu medalhas ao pa\u00eds: oito ouros, quatro pratas e tr\u00eas bronzes. No total, a delega\u00e7\u00e3o brasileira buscou conquistas em dez modalidades: basquete em cadeira de rodas, bocha, futebol de cegos, futebol de paralisados cerebrais, goalball, halterofilismo, jud\u00f4, t\u00eanis de mesa, t\u00eanis em cadeira de rodas e v\u00f4lei sentado. O pa\u00eds n\u00e3o enviou representantes para as disputas de atletismo e nata\u00e7\u00e3o.<\/p>\n<p>Um fato marcante da campanha brasileira em Bogot\u00e1 foi a\u00a0<a href=\"https:\/\/agenciabrasil.ebc.com.br\/esportes\/noticia\/2023-06\/brasil-conquista-sua-500a-medalha-na-historia-do-parapan-de-jovens\" target=\"_blank\" rel=\"noopener\">conquista da medalha de n\u00famero 500 do Brasil na hist\u00f3ria dos Jogos Parapan-Americanos de Jovens<\/a>. Ela veio no dia 7 de junho com a dupla masculina de t\u00eanis em cadeira de rodas formada por Luiz Augusto Calixto e Lorenzo Godoy. Eles garantiram uma prata ap\u00f3s serem superados pelos argentinos Benjam\u00edn Silvetti e Gonzalo Enrique Lazarte na decis\u00e3o da modalidade.<\/p>\n<p>\u201cEstou muito honrado em ajudar nesta marca t\u00e3o importante para o Brasil. Esperava a medalha de ouro, mas estou feliz pela conquista da prata\u201d, disse Lorenzo, 24\u00ba do ranking mundial j\u00fanior.<\/p>\n<p><span style=\"font-weight: 400;\">Fonte: Ag\u00eancia Brasil <\/span><\/p>\n","protected":false},"excerpt":{"rendered":"<p>Chegou ao Brasil nesta quarta-feira (14) o \u00faltimo grupo de atletas que representou o pa\u00eds na \u00faltima edi\u00e7\u00e3o dos Jogos Parapan-Americanos de Jovens, disputado em Bogot\u00e1 (Col\u00f4mbia) entre os dias 3 e 12 de junho. A delega\u00e7\u00e3o brasileira encerrou a competi\u00e7\u00e3o na 4\u00aa posi\u00e7\u00e3o no ranking geral com a conquista de 52 medalhas (30 ouros, [&hellip;]<\/p>\n","protected":false},"author":246,"featured_media":214856,"comment_status":"closed","ping_status":"closed","sticky":false,"template":"","format":"standard","meta":{"footnotes":""},"categories":[436,257,439],"tags":[],"class_list":["post-214855","post","type-post","status-publish","format-standard","has-post-thumbnail","hentry","category-destaque-da-semana","category-esporte","category-ultima-hora"],"_links":{"self":[{"href":"https:\/\/diarioregionaldigital.com.br\/index.php?rest_route=\/wp\/v2\/posts\/214855","targetHints":{"allow":["GET"]}}],"collection":[{"href":"https:\/\/diarioregionaldigital.com.br\/index.php?rest_route=\/wp\/v2\/posts"}],"about":[{"href":"https:\/\/diarioregionaldigital.com.br\/index.php?rest_route=\/wp\/v2\/types\/post"}],"author":[{"embeddable":true,"href":"https:\/\/diarioregionaldigital.com.br\/index.php?rest_route=\/wp\/v2\/users\/246"}],"replies":[{"embeddable":true,"href":"https:\/\/diarioregionaldigital.com.br\/index.php?rest_route=%2Fwp%2Fv2%2Fcomments&post=214855"}],"version-history":[{"count":1,"href":"https:\/\/diarioregionaldigital.com.br\/index.php?rest_route=\/wp\/v2\/posts\/214855\/revisions"}],"predecessor-version":[{"id":214857,"href":"https:\/\/diarioregionaldigital.com.br\/index.php?rest_route=\/wp\/v2\/posts\/214855\/revisions\/214857"}],"wp:featuredmedia":[{"embeddable":true,"href":"https:\/\/diarioregionaldigital.com.br\/index.php?rest_route=\/wp\/v2\/media\/214856"}],"wp:attachment":[{"href":"https:\/\/diarioregionaldigital.com.br\/index.php?rest_route=%2Fwp%2Fv2%2Fmedia&parent=214855"}],"wp:term":[{"taxonomy":"category","embeddable":true,"href":"https:\/\/diarioregionaldigital.com.br\/index.php?rest_route=%2Fwp%2Fv2%2Fcategories&post=214855"},{"taxonomy":"post_tag","embeddable":true,"href":"https:\/\/diarioregionaldigital.com.br\/index.php?rest_route=%2Fwp%2Fv2%2Ftags&post=214855"}],"curies":[{"name":"wp","href":"https:\/\/api.w.org\/{rel}","templated":true}]}}