{"id":214852,"date":"2023-06-14T20:11:27","date_gmt":"2023-06-14T23:11:27","guid":{"rendered":"https:\/\/diarioregionaldigital.com.br\/?p=214852"},"modified":"2023-06-14T20:11:27","modified_gmt":"2023-06-14T23:11:27","slug":"selecao-brasileira-realiza-1o-treino-com-grupo-completo-em-barcelona","status":"publish","type":"post","link":"https:\/\/diarioregionaldigital.com.br\/?p=214852","title":{"rendered":"Sele\u00e7\u00e3o brasileira realiza 1\u00ba treino com grupo completo em Barcelona"},"content":{"rendered":"<p>A sele\u00e7\u00e3o brasileira masculina de futebol participou nesta quarta-feira (14) do primeiro treino com o grupo completo (23 convocados) no Centro de Treinamento do Espanyol, em Barcelona, sob comando do t\u00e9cnico-interino Ramon Menezes. Os \u00faltimos a se apresentarem ao escrete canarinho foram o goleiro Ederson (Manchester City) e o zagueiro Robert Renan (Zenit) pela manh\u00e3. O Brasil se prepara para os amistosos contra as sele\u00e7\u00f5es da Guin\u00e9, no pr\u00f3ximo s\u00e1bado (17), na capital catal\u00e3; \u00a0e de Senegal, na ter\u00e7a (20), em Lisboa (Portugal).<img decoding=\"async\" src=\"https:\/\/agenciabrasil.ebc.com.br\/ebc.png?id=1538293&amp;o=node\" \/><img decoding=\"async\" src=\"https:\/\/agenciabrasil.ebc.com.br\/ebc.gif?id=1538293&amp;o=node\" \/><\/p>\n<p>Durante o treino, Ramon priorizou o trabalho defensivo, principalmente o posicionamento dos jogadores sob marca\u00e7\u00e3o dos advers\u00e1rios. Tamb\u00e9m focou nas jogadas ensaiadas, quando bolas s\u00e3o\u00a0cruzadas na grande \u00e1rea, orientando os atletas a\u00a0aproveitarem\u00a0\u00a0a retomada da bola para tentar contra-ataques.<\/p>\n<div class=\"dnd-widget-wrapper context-cheio_8colunas type-image\">\n<div class=\"dnd-atom-rendered\">\n<div class=\"shadow overflow-hidden rounded-lg d-block zoom-on-hover-sm shadow-hover w-100\"><img decoding=\"async\" class=\"flex-fill img-cover\" title=\"Joilson Marconne\/CBF\/Direitos Reservados\" src=\"https:\/\/imagens.ebc.com.br\/3DsZsnECi9njoT_l4YueaKpRKRw=\/754x0\/smart\/https:\/\/agenciabrasil.ebc.com.br\/sites\/default\/files\/thumbnails\/image\/richarlison_treino_barcelona_2023.jpg?itok=WeDZzYVb\" alt=\"Richarlison, primeiro treino completo da sele\u00e7\u00e3o brasileira, em 14\/06\/2923, antes do amistoso contra a Guin\u00e9, em Barcelona\" \/><\/div>\n<\/div>\n<div class=\"dnd-caption-wrapper\">\n<div class=\"meta\">\u00a0\u201cA gente quer come\u00e7ar a prepara\u00e7\u00e3o o quanto antes. Sabemos qu\u00e3o dif\u00edcil \u00e9 uma Copa do Mundo, por isso \u00e9 muito importante estar trabalhando com um treinador desde o in\u00edcio&#8221;, comentou\u00a0Richarlison sobre a expectativa de o t\u00e9cnico Carlo Ancelotti ser contratado para o\u00a0comando da sele\u00e7\u00e3o brasileira\u00a0&#8211;\u00a0<strong>Joilson Marconne\/CBF\/Direitos Reservados<\/strong><\/div>\n<\/div>\n<\/div>\n<p>Ap\u00f3s a atividade em campo, os jogadores Rodrygo (Real Madrid) e Richarlison (Tottenham) participaram de coletiva e falaram da expectativa em torno da contrata\u00e7\u00e3o do italiano Carlo Ancelotti, atualmente no Real Madrid, para o comando da sele\u00e7\u00e3o, sem treinador desde sa\u00edda de Tite, ap\u00f3s a elimina\u00e7\u00e3o do pa\u00eds na Copa do Catar. Em entrevista ontem \u00e0 Ag\u00eancia Reuters, o presidente da CBF Ednaldo Rodrigues levantou a possibilidade de a entidade esperar at\u00e9 2024 para conseguir fechar contrato com Ancelotti. O\u00a0t\u00e9cnico italiano tem\u00a0contrato\u00a0com o Real at\u00e9\u00a0junho\u00a0de\u00a02024.<\/p>\n<p>\u201cEm breve ele [Ednaldo Rodrigues] vai fazer uma reuni\u00e3o com os jogadores, para saber os detalhes, o que pensamos. \u00c9 isso, n\u00e3o adianta se precipitar agora\u201d, disse Richarlison, que chegou a ser comandado por Ancelotti quando defendia o Everton.\u00a0\u201cA gente quer come\u00e7ar a prepara\u00e7\u00e3o o quanto antes. Sabemos qu\u00e3o dif\u00edcil \u00e9 uma Copa do Mundo, por isso \u00e9 muito importante estar trabalhando com um treinador desde o in\u00edcio, [com] as caracter\u00edsticas do trabalho dele. Agora \u00e9 esperar pelo presidente, ver o que ele vai decidir&#8221;.<\/p>\n<p>Para o jovem atacante Rodrygo, comandado por Carlo Ancelotti no Real, os jogadores est\u00e3o em compasso de espera.<\/p>\n<p>&#8220;A gente quer ter um treinador fixo o mais r\u00e1pido poss\u00edvel, mas a gente tem de se adaptar com as adversidades. Neste momento, o nosso treinador \u00e9 o Ramon, a gente tem que respeitar ele e, \u00e9 claro, se vier outro treinador, se tiver que esperar a gente vai ter de se adaptar com tudo que estiver passando\u201d.<\/p>\n<p>O Brasil encara a Guin\u00e8, \u00e0s 16h (hor\u00e1rio de Bras\u00edlia) de s\u00e1bado (17,\u00a0pr\u00f3ximo s\u00e1bado (17), no RCDE Stadium, em Barcelona.\u00a0Pela primeira vez em 109 anos de hist\u00f3ria, o escrete canarinho entrar\u00e1 em campo com o\u00a0uniforme totalmente preto.\u00a0A iniciativa\u00a0faz parte de uma s\u00e9rie de a\u00e7\u00f5es organizadas pela CBF\u00a0para combater o racismo, ap\u00f3s o atacante\u00a0<a href=\"https:\/\/agenciabrasil.ebc.com.br\/esportes\/noticia\/2023-05\/em-derrota-do-real-madrid-vini-jr-sofre-racismo-novamente\">Vinicius J\u00fanior ter sido alvo de ataques racistas pela 10\u00aa vez no Campeonato Espanhol<\/a>, no dia 21 de maio.\u00a0Os insultos foram proferidos por torcedores na derrota do Real para o Val\u00eancia por 2 a 1, em Val\u00eancia.<\/p>\n<p><span style=\"font-weight: 400;\">Fonte: Ag\u00eancia Brasil <\/span><\/p>\n","protected":false},"excerpt":{"rendered":"<p>A sele\u00e7\u00e3o brasileira masculina de futebol participou nesta quarta-feira (14) do primeiro treino com o grupo completo (23 convocados) no Centro de Treinamento do Espanyol, em Barcelona, sob comando do t\u00e9cnico-interino Ramon Menezes. Os \u00faltimos a se apresentarem ao escrete canarinho foram o goleiro Ederson (Manchester City) e o zagueiro Robert Renan (Zenit) pela manh\u00e3. [&hellip;]<\/p>\n","protected":false},"author":246,"featured_media":214853,"comment_status":"closed","ping_status":"closed","sticky":false,"template":"","format":"standard","meta":{"footnotes":""},"categories":[436,440,257,439],"tags":[],"class_list":["post-214852","post","type-post","status-publish","format-standard","has-post-thumbnail","hentry","category-destaque-da-semana","category-destaques-do-dia","category-esporte","category-ultima-hora"],"_links":{"self":[{"href":"https:\/\/diarioregionaldigital.com.br\/index.php?rest_route=\/wp\/v2\/posts\/214852","targetHints":{"allow":["GET"]}}],"collection":[{"href":"https:\/\/diarioregionaldigital.com.br\/index.php?rest_route=\/wp\/v2\/posts"}],"about":[{"href":"https:\/\/diarioregionaldigital.com.br\/index.php?rest_route=\/wp\/v2\/types\/post"}],"author":[{"embeddable":true,"href":"https:\/\/diarioregionaldigital.com.br\/index.php?rest_route=\/wp\/v2\/users\/246"}],"replies":[{"embeddable":true,"href":"https:\/\/diarioregionaldigital.com.br\/index.php?rest_route=%2Fwp%2Fv2%2Fcomments&post=214852"}],"version-history":[{"count":1,"href":"https:\/\/diarioregionaldigital.com.br\/index.php?rest_route=\/wp\/v2\/posts\/214852\/revisions"}],"predecessor-version":[{"id":214854,"href":"https:\/\/diarioregionaldigital.com.br\/index.php?rest_route=\/wp\/v2\/posts\/214852\/revisions\/214854"}],"wp:featuredmedia":[{"embeddable":true,"href":"https:\/\/diarioregionaldigital.com.br\/index.php?rest_route=\/wp\/v2\/media\/214853"}],"wp:attachment":[{"href":"https:\/\/diarioregionaldigital.com.br\/index.php?rest_route=%2Fwp%2Fv2%2Fmedia&parent=214852"}],"wp:term":[{"taxonomy":"category","embeddable":true,"href":"https:\/\/diarioregionaldigital.com.br\/index.php?rest_route=%2Fwp%2Fv2%2Fcategories&post=214852"},{"taxonomy":"post_tag","embeddable":true,"href":"https:\/\/diarioregionaldigital.com.br\/index.php?rest_route=%2Fwp%2Fv2%2Ftags&post=214852"}],"curies":[{"name":"wp","href":"https:\/\/api.w.org\/{rel}","templated":true}]}}