{"id":214846,"date":"2023-06-14T20:05:32","date_gmt":"2023-06-14T23:05:32","guid":{"rendered":"https:\/\/diarioregionaldigital.com.br\/?p=214846"},"modified":"2023-06-14T20:05:32","modified_gmt":"2023-06-14T23:05:32","slug":"lula-vai-a-belem-para-anuncio-oficial-da-cop30","status":"publish","type":"post","link":"https:\/\/diarioregionaldigital.com.br\/?p=214846","title":{"rendered":"Lula vai a Bel\u00e9m para an\u00fancio oficial da COP30"},"content":{"rendered":"<p>O presidente Luiz In\u00e1cio Lula da Silva desembarca neste s\u00e1bado (17), em Bel\u00e9m, para dar in\u00edcio \u00e0 organiza\u00e7\u00e3o da 30\u00aa Confer\u00eancia das Partes da Conven\u00e7\u00e3o-Quadro das Na\u00e7\u00f5es Unidas sobre Mudan\u00e7a do Clima (COP30). A c\u00fapula do clima da ONU ser\u00e1 realizada pela primeira vez na Amaz\u00f4nia, em novembro de 2025, justamente na capital paraense. O an\u00fancio da\u00a0<a href=\"https:\/\/agenciabrasil.ebc.com.br\/politica\/noticia\/2023-05\/lula-anuncia-belem-como-sede-da-cop30\" target=\"_blank\" rel=\"noopener\">escolha da sede brasileira ocorreu no fim de maio<\/a>.<img decoding=\"async\" src=\"https:\/\/agenciabrasil.ebc.com.br\/ebc.png?id=1538286&amp;o=node\" \/><img decoding=\"async\" src=\"https:\/\/agenciabrasil.ebc.com.br\/ebc.gif?id=1538286&amp;o=node\" \/><\/p>\n<p>Al\u00e9m de participar da cerim\u00f4nia de an\u00fancio oficial da realiza\u00e7\u00e3o da COP 30 em Bel\u00e9m, Lula participar\u00e1 da assinatura da ordem de servi\u00e7o para in\u00edcio das obras em um residencial do programa Minha Casa, Minha Vida. As atividades ocorrer\u00e3o a partir das 11h30, na pra\u00e7a Pedro Teixeira, no centro da cidade, na regi\u00e3o Companhia Docas do Par\u00e1.<\/p>\n<p>Na sexta-feira (16), Lula vai ao interior de Goi\u00e1s, na cidade de Rio Verde, inaugurar o trecho final da Ferrovia Norte-Sul.<\/p>\n<h2>Pa\u00edses Amaz\u00f4nicos<\/h2>\n<p>A capital paraense tamb\u00e9m se prepara para realizar, no dia 8 de agosto, a reuni\u00e3o dos oito pa\u00edses integrantes da Organiza\u00e7\u00e3o do Tratado de Coopera\u00e7\u00e3o Amaz\u00f4nica (OTCA). Participam os presidentes de Brasil, Bol\u00edvia, Col\u00f4mbia, Equador, Guiana, Peru, Suriname e Venezuela. Um documento aprovado no encontro ser\u00e1 apresentado durante a pr\u00f3xima Assembleia das Na\u00e7\u00f5es Unidas, em setembro, em Nova York (EUA).<\/p>\n<p>De 5 a 7 de agosto, nos dias que anteceder\u00e3o a C\u00fapula dos Pa\u00edses Amaz\u00f4nicos, est\u00e1 prevista uma s\u00e9rie de semin\u00e1rios, debates, exposi\u00e7\u00f5es e manifesta\u00e7\u00f5es culturais, com participa\u00e7\u00e3o da sociedade civil, para a formula\u00e7\u00e3o de novas estrat\u00e9gias para a regi\u00e3o. Essas iniciativas consistir\u00e3o no que tem sido chamado de Di\u00e1logos Amaz\u00f4nicos. Os trabalhos est\u00e3o sendo coordenados pela Secretaria-Geral da Presid\u00eancia da Rep\u00fablica.<\/p>\n<p>Segundo a pasta, haver\u00e1 cinco sess\u00f5es plen\u00e1rias, que dever\u00e3o gerar relat\u00f3rios a serem apresentados por cinco representantes da sociedade civil aos l\u00edderes dos pa\u00edses amaz\u00f4nicos durante a c\u00fapula. O evento ocorrer\u00e1 no Hangar Centro de Conven\u00e7\u00f5es.<\/p>\n<p><span style=\"font-weight: 400;\">Fonte: Ag\u00eancia Brasil <\/span><\/p>\n","protected":false},"excerpt":{"rendered":"<p>O presidente Luiz In\u00e1cio Lula da Silva desembarca neste s\u00e1bado (17), em Bel\u00e9m, para dar in\u00edcio \u00e0 organiza\u00e7\u00e3o da 30\u00aa Confer\u00eancia das Partes da Conven\u00e7\u00e3o-Quadro das Na\u00e7\u00f5es Unidas sobre Mudan\u00e7a do Clima (COP30). A c\u00fapula do clima da ONU ser\u00e1 realizada pela primeira vez na Amaz\u00f4nia, em novembro de 2025, justamente na capital paraense. O [&hellip;]<\/p>\n","protected":false},"author":246,"featured_media":214847,"comment_status":"closed","ping_status":"closed","sticky":false,"template":"","format":"standard","meta":{"footnotes":""},"categories":[436,254,439],"tags":[],"class_list":["post-214846","post","type-post","status-publish","format-standard","has-post-thumbnail","hentry","category-destaque-da-semana","category-politica","category-ultima-hora"],"_links":{"self":[{"href":"https:\/\/diarioregionaldigital.com.br\/index.php?rest_route=\/wp\/v2\/posts\/214846","targetHints":{"allow":["GET"]}}],"collection":[{"href":"https:\/\/diarioregionaldigital.com.br\/index.php?rest_route=\/wp\/v2\/posts"}],"about":[{"href":"https:\/\/diarioregionaldigital.com.br\/index.php?rest_route=\/wp\/v2\/types\/post"}],"author":[{"embeddable":true,"href":"https:\/\/diarioregionaldigital.com.br\/index.php?rest_route=\/wp\/v2\/users\/246"}],"replies":[{"embeddable":true,"href":"https:\/\/diarioregionaldigital.com.br\/index.php?rest_route=%2Fwp%2Fv2%2Fcomments&post=214846"}],"version-history":[{"count":1,"href":"https:\/\/diarioregionaldigital.com.br\/index.php?rest_route=\/wp\/v2\/posts\/214846\/revisions"}],"predecessor-version":[{"id":214848,"href":"https:\/\/diarioregionaldigital.com.br\/index.php?rest_route=\/wp\/v2\/posts\/214846\/revisions\/214848"}],"wp:featuredmedia":[{"embeddable":true,"href":"https:\/\/diarioregionaldigital.com.br\/index.php?rest_route=\/wp\/v2\/media\/214847"}],"wp:attachment":[{"href":"https:\/\/diarioregionaldigital.com.br\/index.php?rest_route=%2Fwp%2Fv2%2Fmedia&parent=214846"}],"wp:term":[{"taxonomy":"category","embeddable":true,"href":"https:\/\/diarioregionaldigital.com.br\/index.php?rest_route=%2Fwp%2Fv2%2Fcategories&post=214846"},{"taxonomy":"post_tag","embeddable":true,"href":"https:\/\/diarioregionaldigital.com.br\/index.php?rest_route=%2Fwp%2Fv2%2Ftags&post=214846"}],"curies":[{"name":"wp","href":"https:\/\/api.w.org\/{rel}","templated":true}]}}