{"id":214840,"date":"2023-06-14T19:59:20","date_gmt":"2023-06-14T22:59:20","guid":{"rendered":"https:\/\/diarioregionaldigital.com.br\/?p=214840"},"modified":"2023-06-14T19:59:20","modified_gmt":"2023-06-14T22:59:20","slug":"varejistas-vao-ao-planalto-e-tratam-de-juros-credito-e-concorrencia","status":"publish","type":"post","link":"https:\/\/diarioregionaldigital.com.br\/?p=214840","title":{"rendered":"Varejistas v\u00e3o ao Planalto e tratam de juros, cr\u00e9dito e concorr\u00eancia"},"content":{"rendered":"<p>O presidente Luiz In\u00e1cio Lula da Silva recebeu, nesta quarta-feira (14), empres\u00e1rios do varejo para conversa sobre as demandas do setor. Os principais temas foram o alto n\u00edvel dos juros no Brasil, a concess\u00e3o de cr\u00e9dito, a lealdade concorrencial no setor e a reforma tribut\u00e1ria.<img decoding=\"async\" src=\"https:\/\/agenciabrasil.ebc.com.br\/ebc.png?id=1538186&amp;o=node\" \/><img decoding=\"async\" src=\"https:\/\/agenciabrasil.ebc.com.br\/ebc.gif?id=1538186&amp;o=node\" \/><\/p>\n<p>As informa\u00e7\u00f5es s\u00e3o do vice-presidente e ministro do Desenvolvimento, Ind\u00fastria, Com\u00e9rcio e Servi\u00e7os, Geraldo Alckmin. Ele falou com a imprensa ap\u00f3s a reuni\u00e3o, que ocorreu no Pal\u00e1cio do Planalto, com a participa\u00e7\u00e3o de ministros de Estado.<\/p>\n<p>Segundo Alckmin, \u201cn\u00e3o h\u00e1 raz\u00e3o\u201d para o atual patamar da taxa b\u00e1sica de juros, a Selic, que est\u00e1 em 13,75% ao ano. Segundo ele, os juros futuros est\u00e3o em queda, enquanto os juros reais continuam subindo.<\/p>\n<p>\u201cIsso prejudica muito a atividade econ\u00f4mica, ou seja, prejudica o emprego. E, na realidade, o juro n\u00e3o est\u00e1 parado, o juro real est\u00e1 subindo h\u00e1 v\u00e1rios meses, porque \u00e0 medida em que fica parada em 13,75% a Selic e a\u00a0<a href=\"https:\/\/agenciabrasil.ebc.com.br\/economia\/noticia\/2023-06\/inflacao-oficial-cai-para-023-em-maio-e-acumula-295-este-ano#:~:text=Infla%C3%A7%C3%A3o%20oficial%20cai%20para%200,Ag%C3%AAncia%20Brasil\" target=\"_blank\" rel=\"noopener\">infla\u00e7\u00e3o est\u00e1 caindo<\/a>, o juro real est\u00e1 subindo no Brasil sem nenhuma raz\u00e3o para isso. N\u00e3o h\u00e1 demanda crescente, pelo contr\u00e1rio, acabamos de verificar agora nos \u00faltimos n\u00fameros do varejo um n\u00e3o crescimento. Ela [a taxa de juros] \u00e9 extremamente preocupante\u201d, disse.<\/p>\n<p>A Selic \u00e9 o principal instrumento usado pelo Banco Central para alcan\u00e7ar a meta de infla\u00e7\u00e3o porque a taxa causa reflexos nos pre\u00e7os, j\u00e1 que juros mais altos encarecem o cr\u00e9dito e estimulam a poupan\u00e7a, evitando a demanda aquecida. Em mar\u00e7o de 2021, o \u00f3rg\u00e3o iniciou um ciclo de aperto monet\u00e1rio, em meio \u00e0 alta dos pre\u00e7os de alimentos, de energia e de combust\u00edveis, elevando a taxa b\u00e1sica ao seu maior n\u00edvel desde janeiro de 2017, quando tamb\u00e9m estava em 13,75% ao ano.<\/p>\n<p>A decis\u00e3o de manuten\u00e7\u00e3o da Selic neste patamar vem sendo criticada pelo governo federal, que cobra uma redu\u00e7\u00e3o para impulsionar o crescimento da economia.<\/p>\n<p>J\u00e1 o setor varejista tamb\u00e9m espera uma regress\u00e3o dos juros no curto prazo, segundo o presidente do Instituto para Desenvolvimento do Varejo (IDV), Jorge Gon\u00e7alves Filho. \u201cSabemos que o Banco Central tem o rito para que isso ocorra. N\u00f3s notamos que v\u00e1rios programas que ser\u00e3o bons para o varejo, para o mercado, dependem disso tamb\u00e9m, n\u00e3o s\u00f3 a quest\u00e3o da Selic, do Banco Central, mas o juro praticado no cart\u00e3o de cr\u00e9dito, que \u00e9 muito elevado, e que \u00e9 o pr\u00f3prio mercado que determina\u201d, disse.<\/p>\n<p>Al\u00e9m da Selic, os bancos consideram outros fatores na hora de definir os juros cobrados dos consumidores, como risco de inadimpl\u00eancia, lucro e despesas administrativas.<\/p>\n<h2>Cr\u00e9dito<\/h2>\n<p>Gon\u00e7alves Filho destacou que as\u00a0<a href=\"https:\/\/agenciabrasil.ebc.com.br\/economia\/noticia\/2023-06\/vendas-do-comercio-variam-01-em-abril\" target=\"_blank\" rel=\"noopener\">vendas no varejo tiveram uma regress\u00e3o no primeiro quadrimestre do ano<\/a>, \u201cn\u00e3o muito forte, mas existiu\u201d, e que foram apresentadas as possibilidades de retomada, como medidas para impulsionar o cr\u00e9dito e investimentos em outros setores que refletem no varejo, como infraestrutura.<\/p>\n<p>\u201cAquele velho tri\u00e2ngulo: renda, emprego e cr\u00e9dito. Ent\u00e3o, vamos ajudar na quest\u00e3o do cr\u00e9dito. Pelas medidas que ouvimos, que est\u00e3o a\u00ed para serem anunciadas, deve melhorar [a atividade produtiva] e acreditamos que o varejo ter\u00e1 um melhor segundo semestre\u201d, disse o presidente do IDV.<\/p>\n<p>\u201cSe voc\u00ea est\u00e1 movimentando um mercado ali ao lado daquela loja, uma constru\u00e7\u00e3o, por exemplo, quem tiver l\u00e1 vai consumir no varejo, ent\u00e3o, \u00e0s vezes, o impacto \u00e9 indireto. Podemos ajudar diretamente com cr\u00e9dito, mas tamb\u00e9m aumentando a atividade econ\u00f4mica o varejo vai ser beneficiado\u201d, acrescentou.<\/p>\n<p>Para o presidente do IDV, Gon\u00e7alves Filho, a reuni\u00e3o com o presidente foi produtiva.<\/p>\n<p>\u201cTratamos de temas muito importantes para o varejo. Podemos falar sobre a quest\u00e3o da ilegalidade no varejo, as iniciativas que o governo j\u00e1 tomou na quest\u00e3o da\u00a0<em>cross border<\/em>\u00a0[com\u00e9rcio transfronteiri\u00e7o] do varejo digital, das grandes possibilidades que t\u00eam de fomentar o varejo atrav\u00e9s do cr\u00e9dito, da colabora\u00e7\u00e3o no\u00a0<a href=\"https:\/\/agenciabrasil.ebc.com.br\/economia\/noticia\/2023-06\/desenrola-brasil-podera-reduzir-em-ate-40-inadimplencia-no-pais\" target=\"_blank\" rel=\"noopener\">Programa Desenrola [de renegocia\u00e7\u00e3o de d\u00edvidas]<\/a>, da quest\u00e3o da empregabilidade do varejo, como ele pode multiplicar a quest\u00e3o do primeiro emprego, j\u00e1 que o varejo \u00e9 o maior empregador do pa\u00eds\u201d, disse Gon\u00e7alves Filho.<\/p>\n<p>Sobre a reforma tribut\u00e1ria, o presidente do IDV disse que a entidade colaborar\u00e1 nas negocia\u00e7\u00f5es \u201cmostrando como \u00e9 o varejo na ponta\u201d.<\/p>\n<p>Segundo Alckmin, os pontos da reforma foram debatidos de maneira muito positiva e o presidente Lula reiterou que \u201ca obsess\u00e3o\u201d do governo \u00e9 a gera\u00e7\u00e3o de emprego e renda no pa\u00eds.<\/p>\n<h2>Com\u00e9rcio eletr\u00f4nico<\/h2>\n<p>O governo federal trabalha em uma nova forma de cobran\u00e7a de impostos em remessas internacionais,\u00a0<a href=\"https:\/\/agenciabrasil.ebc.com.br\/economia\/noticia\/2023-04\/agencia-brasil-explica-como-funciona-importacao-por-pessoas-fisicas\" target=\"_blank\" rel=\"noopener\">ap\u00f3s pol\u00eamica envolvendo o com\u00e9rcio eletr\u00f4nico<\/a>. Segundo Geraldo Alckmin, a importa\u00e7\u00e3o de produtos sem pagar imposto chegou a quase R$ 70 bilh\u00f5es em 2022, quase 1% do Produto Interno Bruto (soma dos bens e dos servi\u00e7os produzidas no pa\u00eds).<\/p>\n<p>\u201c\u00c9 dever do governo manter uma concorr\u00eancia leal. [A importa\u00e7\u00e3o sem pagamento de impostos] n\u00e3o prejudica s\u00f3 o com\u00e9rcio instalado, prejudica tamb\u00e9m a ind\u00fastria brasileira\u201d, disse Alckmin.<\/p>\n<p>Segundo o presidente do IDV, o governo e o setor varejista tamb\u00e9m trabalham na elabora\u00e7\u00e3o de plano de conformidade. \u201cPara que as empresas estrangeiras, plataformas digitais e com\u00e9rcio estrangeiro que estejam no Brasil participem, invistam e paguem os impostos. Ent\u00e3o, n\u00e3o queremos nada mais do que ser ison\u00f4mico em termos de competi\u00e7\u00e3o\u201d, disse, explicando que o plano deve entrar em vigor em julho.<\/p>\n<p>Estavam presentes na reuni\u00e3o com o presidente Lula, representantes das empresas varejistas Magazine Luiza, Saint-Gobain, Grupo Mateus, Livraria Cultura, Ri Happy, Lojas Renner, Caedu, McDonald&#8217;s, Mundo Cabelereiro, Pague Menos, Petz, Quero-Quero, RaiaDrogasil, \u00d3ticas Carol, Grupo Botic\u00e1rio, Telhanorte, Grupo P\u00e3o de A\u00e7\u00facar, Grupo Soma e Carrefour.<\/p>\n<p>Al\u00e9m de representantes do IDV, a Uni\u00e3o Geral dos Trabalhadores (UGT) participou do encontro, assim como a presidente da Caixa Econ\u00f4mica Federal, Rita Serrano, e os diretores do Banco Nacional de Desenvolvimento Econ\u00f4mico e Social (BNDES), Teresa Campello e Nelson Barbosa.<\/p>\n<p><span style=\"font-weight: 400;\"><br \/>\n<\/span><span style=\"font-weight: 400;\">Fonte: Ag\u00eancia Brasil <\/span><\/p>\n","protected":false},"excerpt":{"rendered":"<p>O presidente Luiz In\u00e1cio Lula da Silva recebeu, nesta quarta-feira (14), empres\u00e1rios do varejo para conversa sobre as demandas do setor. Os principais temas foram o alto n\u00edvel dos juros no Brasil, a concess\u00e3o de cr\u00e9dito, a lealdade concorrencial no setor e a reforma tribut\u00e1ria. As informa\u00e7\u00f5es s\u00e3o do vice-presidente e ministro do Desenvolvimento, Ind\u00fastria, [&hellip;]<\/p>\n","protected":false},"author":246,"featured_media":214841,"comment_status":"closed","ping_status":"closed","sticky":false,"template":"","format":"standard","meta":{"footnotes":""},"categories":[436,440,254,439],"tags":[],"class_list":["post-214840","post","type-post","status-publish","format-standard","has-post-thumbnail","hentry","category-destaque-da-semana","category-destaques-do-dia","category-politica","category-ultima-hora"],"_links":{"self":[{"href":"https:\/\/diarioregionaldigital.com.br\/index.php?rest_route=\/wp\/v2\/posts\/214840","targetHints":{"allow":["GET"]}}],"collection":[{"href":"https:\/\/diarioregionaldigital.com.br\/index.php?rest_route=\/wp\/v2\/posts"}],"about":[{"href":"https:\/\/diarioregionaldigital.com.br\/index.php?rest_route=\/wp\/v2\/types\/post"}],"author":[{"embeddable":true,"href":"https:\/\/diarioregionaldigital.com.br\/index.php?rest_route=\/wp\/v2\/users\/246"}],"replies":[{"embeddable":true,"href":"https:\/\/diarioregionaldigital.com.br\/index.php?rest_route=%2Fwp%2Fv2%2Fcomments&post=214840"}],"version-history":[{"count":1,"href":"https:\/\/diarioregionaldigital.com.br\/index.php?rest_route=\/wp\/v2\/posts\/214840\/revisions"}],"predecessor-version":[{"id":214842,"href":"https:\/\/diarioregionaldigital.com.br\/index.php?rest_route=\/wp\/v2\/posts\/214840\/revisions\/214842"}],"wp:featuredmedia":[{"embeddable":true,"href":"https:\/\/diarioregionaldigital.com.br\/index.php?rest_route=\/wp\/v2\/media\/214841"}],"wp:attachment":[{"href":"https:\/\/diarioregionaldigital.com.br\/index.php?rest_route=%2Fwp%2Fv2%2Fmedia&parent=214840"}],"wp:term":[{"taxonomy":"category","embeddable":true,"href":"https:\/\/diarioregionaldigital.com.br\/index.php?rest_route=%2Fwp%2Fv2%2Fcategories&post=214840"},{"taxonomy":"post_tag","embeddable":true,"href":"https:\/\/diarioregionaldigital.com.br\/index.php?rest_route=%2Fwp%2Fv2%2Ftags&post=214840"}],"curies":[{"name":"wp","href":"https:\/\/api.w.org\/{rel}","templated":true}]}}