{"id":214837,"date":"2023-06-14T19:47:37","date_gmt":"2023-06-14T22:47:37","guid":{"rendered":"https:\/\/diarioregionaldigital.com.br\/?p=214837"},"modified":"2023-06-14T19:47:37","modified_gmt":"2023-06-14T22:47:37","slug":"vendas-do-comercio-variam-01-em-abril","status":"publish","type":"post","link":"https:\/\/diarioregionaldigital.com.br\/?p=214837","title":{"rendered":"Vendas do com\u00e9rcio variam 0,1% em abril"},"content":{"rendered":"<p>O volume de vendas do com\u00e9rcio varejista brasileiro apresentou varia\u00e7\u00e3o de 0,1% em abril deste ano na compara\u00e7\u00e3o com o m\u00eas anterior. O resultado veio depois de altas de 0,8% em mar\u00e7o e de 3,8% em janeiro e de uma estabilidade em fevereiro. Os dados s\u00e3o da Pesquisa Mensal do Com\u00e9rcio (PMC), divulgada nesta quarta-feira (14) pelo Instituto Brasileiro de Geografia e Estat\u00edstica (IBGE).\u00a0<img decoding=\"async\" src=\"https:\/\/agenciabrasil.ebc.com.br\/ebc.png?id=1538014&amp;o=node\" \/><img decoding=\"async\" src=\"https:\/\/agenciabrasil.ebc.com.br\/ebc.gif?id=1538014&amp;o=node\" \/><\/p>\n<p>Em abril, o setor apresentou altas de 0,3% na m\u00e9dia m\u00f3vel trimestral, de 0,5% na compara\u00e7\u00e3o com abril do ano passado, de 1,9% no primeiro quadrimestre do ano e de 0,9% no acumulado de 12 meses.<\/p>\n<p>Na compara\u00e7\u00e3o com mar\u00e7o deste ano, apenas tr\u00eas das oito atividades pesquisadas pelo IBGE tiveram alta: supermercados, alimentos, bebidas e fumo (3,2%), livros, jornais, revistas e papelaria (1%) e\u00a0artigos farmac\u00eauticos, m\u00e9dicos, ortop\u00e9dicos e de perfumaria (0,3%).<\/p>\n<p>A varia\u00e7\u00e3o positiva de 0,1% do varejo foi sustentada principalmente pelo setor de supermercados e alimentos, que apresentou o maior crescimento desde mar\u00e7o de 2020 (10,5%).<\/p>\n<p>O resultado pode ser explicado pelas vendas da P\u00e1scoa deste ano que foram concentradas em abril, como acontecia antes da pandemia de covid-19.<\/p>\n<p>Por outro lado, cinco atividades tiveram queda no volume de vendas no per\u00edodo: equipamentos e material para escrit\u00f3rio, inform\u00e1tica e comunica\u00e7\u00e3o (-7,2%), tecidos, vestu\u00e1rio e cal\u00e7ados (-3,7%), combust\u00edveis e lubrificantes (-1,9%), outros artigos de uso pessoal e dom\u00e9stico (-1,4%) e m\u00f3veis e eletrodom\u00e9sticos (-0,5%).<\/p>\n<p>Segundo o pesquisador do IBGE Cristiano Santos, esse comportamento de relativa estabilidade do setor (varia\u00e7\u00e3o de 0,1%) pode ser explicado por fatores negativos, que evitaram uma alta maior, e positivos, que evitaram queda.<\/p>\n<p>\u201cA gente teve algumas influ\u00eancias negativas\u00a0nessa passagem de mar\u00e7o para abril, como o cr\u00e9dito \u00e0 pessoa f\u00edsica, que teve varia\u00e7\u00e3o para baixo de quase 10%, os indicadores de massa de rendimento real tamb\u00e9m tiveram varia\u00e7\u00e3o para baixo, de 0,7%, e o n\u00famero de pessoas ocupadas que caiu um pouco\u201d, afirmou.<\/p>\n<p>No lado positivo, Santos destaca a redu\u00e7\u00e3o da infla\u00e7\u00e3o. \u201cA infla\u00e7\u00e3o vem perdendo ritmo ao longo do tempo. O \u00cdndice geral caiu de 4,65% para 4,18% na passagem de mar\u00e7o para abril, sobretudo a alimenta\u00e7\u00e3o no domic\u00edlio\u201d.<\/p>\n<p>A receita nominal do setor caiu 0,2% de mar\u00e7o para abril, mas cresceu 2,4% na compara\u00e7\u00e3o com abril do ano passado, 6,9% no ano e 11% no acumulado de 12 meses.<\/p>\n<h2>Varejo ampliado<\/h2>\n<p>O varejo ampliado, que tamb\u00e9m inclui materiais de constru\u00e7\u00e3o e venda de ve\u00edculos e autope\u00e7as, teve queda de 1,6% no volume de vendas, na passagem de mar\u00e7o para abril, devido \u00e0s perdas de 5,9% na atividade de ve\u00edculos, motos, partes e pe\u00e7as e de 0,8% nos materiais de constru\u00e7\u00e3o.<\/p>\n<p>No acumulado de 12 meses, o varejo ampliado manteve estabilidade. Nos outros tipos de compara\u00e7\u00e3o, no entanto, o setor teve altas: m\u00e9dia m\u00f3vel trimestral (1,3%), em rela\u00e7\u00e3o a abril de 2022 (3,1%) e no acumulado do ano (3,3%).<\/p>\n<p><span style=\"font-weight: 400;\">Fonte: Ag\u00eancia Brasil <\/span><\/p>\n","protected":false},"excerpt":{"rendered":"<p>O volume de vendas do com\u00e9rcio varejista brasileiro apresentou varia\u00e7\u00e3o de 0,1% em abril deste ano na compara\u00e7\u00e3o com o m\u00eas anterior. O resultado veio depois de altas de 0,8% em mar\u00e7o e de 3,8% em janeiro e de uma estabilidade em fevereiro. Os dados s\u00e3o da Pesquisa Mensal do Com\u00e9rcio (PMC), divulgada nesta quarta-feira [&hellip;]<\/p>\n","protected":false},"author":246,"featured_media":214838,"comment_status":"closed","ping_status":"closed","sticky":false,"template":"","format":"standard","meta":{"footnotes":""},"categories":[436,261,439],"tags":[],"class_list":["post-214837","post","type-post","status-publish","format-standard","has-post-thumbnail","hentry","category-destaque-da-semana","category-economia","category-ultima-hora"],"_links":{"self":[{"href":"https:\/\/diarioregionaldigital.com.br\/index.php?rest_route=\/wp\/v2\/posts\/214837","targetHints":{"allow":["GET"]}}],"collection":[{"href":"https:\/\/diarioregionaldigital.com.br\/index.php?rest_route=\/wp\/v2\/posts"}],"about":[{"href":"https:\/\/diarioregionaldigital.com.br\/index.php?rest_route=\/wp\/v2\/types\/post"}],"author":[{"embeddable":true,"href":"https:\/\/diarioregionaldigital.com.br\/index.php?rest_route=\/wp\/v2\/users\/246"}],"replies":[{"embeddable":true,"href":"https:\/\/diarioregionaldigital.com.br\/index.php?rest_route=%2Fwp%2Fv2%2Fcomments&post=214837"}],"version-history":[{"count":1,"href":"https:\/\/diarioregionaldigital.com.br\/index.php?rest_route=\/wp\/v2\/posts\/214837\/revisions"}],"predecessor-version":[{"id":214839,"href":"https:\/\/diarioregionaldigital.com.br\/index.php?rest_route=\/wp\/v2\/posts\/214837\/revisions\/214839"}],"wp:featuredmedia":[{"embeddable":true,"href":"https:\/\/diarioregionaldigital.com.br\/index.php?rest_route=\/wp\/v2\/media\/214838"}],"wp:attachment":[{"href":"https:\/\/diarioregionaldigital.com.br\/index.php?rest_route=%2Fwp%2Fv2%2Fmedia&parent=214837"}],"wp:term":[{"taxonomy":"category","embeddable":true,"href":"https:\/\/diarioregionaldigital.com.br\/index.php?rest_route=%2Fwp%2Fv2%2Fcategories&post=214837"},{"taxonomy":"post_tag","embeddable":true,"href":"https:\/\/diarioregionaldigital.com.br\/index.php?rest_route=%2Fwp%2Fv2%2Ftags&post=214837"}],"curies":[{"name":"wp","href":"https:\/\/api.w.org\/{rel}","templated":true}]}}