{"id":214834,"date":"2023-06-14T19:45:27","date_gmt":"2023-06-14T22:45:27","guid":{"rendered":"https:\/\/diarioregionaldigital.com.br\/?p=214834"},"modified":"2023-06-14T19:45:27","modified_gmt":"2023-06-14T22:45:27","slug":"quase-30-montadoras-aderem-a-programa-de-veiculos-mais-baratos","status":"publish","type":"post","link":"https:\/\/diarioregionaldigital.com.br\/?p=214834","title":{"rendered":"Quase 30 montadoras aderem a programa de ve\u00edculos mais baratos"},"content":{"rendered":"<p>Nove montadoras de carros, dez de caminh\u00f5es e nove de \u00f4nibus aderiram ao programa do governo federal que prev\u00ea a redu\u00e7\u00e3o de impostos para baratear o valor dos autom\u00f3veis no Brasil. A informa\u00e7\u00e3o foi divulgada nesta quarta-feira (14) pelo Minist\u00e9rio do Desenvolvimento, Ind\u00fastria Com\u00e9rcio e Servi\u00e7os (MDIC).\u00a0 \u00a0<img decoding=\"async\" src=\"https:\/\/agenciabrasil.ebc.com.br\/ebc.png?id=1538064&amp;o=node\" \/><img decoding=\"async\" src=\"https:\/\/agenciabrasil.ebc.com.br\/ebc.gif?id=1538064&amp;o=node\" \/><\/p>\n<p>Em rela\u00e7\u00e3o aos carros de passeio, demonstraram interesse em participar do programa as montadoras Renault, Volks, Toyota, Hyundai, Nissan, Honda, GM, Fiat e Peugeot. Elas colocaram \u00e0 disposi\u00e7\u00e3o 233 vers\u00f5es de 31 modelos de autom\u00f3veis. O MDIC informou ainda que \u201ca lista \u00e9 din\u00e2mica, ou seja, as montadoras podem a qualquer momento incluir outros modelos, desde que comuniquem o MDIC\u201d.<\/p>\n<p>A lista completa dos modelos e vers\u00f5es organizada por ordem alfab\u00e9tica, com os descontos previstos,\u00a0<a href=\"https:\/\/www.gov.br\/mdic\/pt-br\/assuntos\/noticias\/2023\/junho\/modelos-por-alfabetica-carros-mais-baratos-programa-emergencial.xlsx\/view\" target=\"_blank\" rel=\"noopener\">pode ser conferida aqui<\/a>. J\u00e1 a lista organizada pelo valor dos modelos\u00a0<a href=\"https:\/\/www.gov.br\/mdic\/pt-br\/assuntos\/noticias\/2023\/junho\/modelos-por-valor-carros-mais-baratos-programa-emergencial.xlsx\/view\" target=\"_blank\" rel=\"noopener\">pode ser acessada aqui<\/a>.<\/p>\n<p>Todas essas empresas pediram o m\u00e1ximo de recursos iniciais permitidos no momento da ades\u00e3o do programa, ou seja, R$ 10 milh\u00f5es cada, sendo que seis montadoras \u2013 Volks, Hyundai, GM, Fiat, Peugeot e Renault \u2013 pediram cr\u00e9dito adicional de mais R$ 10 milh\u00f5es.<\/p>\n<p>A soma dos pedidos representa R$ 150 milh\u00f5es, ou seja, 30% do teto de R$ 500 milh\u00f5es que poder\u00e3o ser usados pelas empresas no abatimento de tributos para venda de carros mais baratos. Ainda segundo o minist\u00e9rio, \u201cNa medida em que usarem os valores solicitados, as montadoras podem pedir cr\u00e9ditos adicionais. Essa possibilidade se esgota quando o teto de R$ 500 milh\u00f5es for atingido\u201d.<\/p>\n<p>Os descontos no valor final dos carros inclu\u00eddos no programa do governo federal v\u00e3o de R$ 2 mil a R$ 8 mil, podendo aumentar a depender dos crit\u00e9rios usados pelas f\u00e1bricas e concession\u00e1rias. O tamanho do desconto no pre\u00e7o dos carros vai depender de tr\u00eas crit\u00e9rios: menor pre\u00e7o, maior efici\u00eancia energ\u00e9tica (menos poluente) e maior porcentagem de conte\u00fado nacional, que \u00e9 o total de partes do carro fabricadas no territ\u00f3rio brasileiro. \u201cQuanto maior a pontua\u00e7\u00e3o nesses crit\u00e9rios, maior o desconto\u201d, afirma o MDIC.<\/p>\n<div class=\"dnd-widget-wrapper context-cheio_8colunas type-image\">\n<div class=\"dnd-atom-rendered\">\n<div class=\"shadow overflow-hidden rounded-lg d-block zoom-on-hover-sm shadow-hover w-100\"><img decoding=\"async\" class=\"flex-fill img-cover\" title=\"Arte\/Ag\u00eancia Brasil\" src=\"https:\/\/imagens.ebc.com.br\/fV5r9603XNR23izeHN5MxBJ9lgE=\/754x0\/smart\/https:\/\/agenciabrasil.ebc.com.br\/sites\/default\/files\/thumbnails\/image\/carros_com_maiores_desconto_1.png?itok=ozWgVEOc\" alt=\"Descontos carros populares \" \/><\/div>\n<\/div>\n<\/div>\n<h2><\/h2>\n<h2>\u00d4nibus e Caminh\u00f5es<\/h2>\n<p>Dez montadoras de caminh\u00f5es aderiram ao programa para renova\u00e7\u00e3o de frotas, somando um volume de descontos de R$ 100 milh\u00f5es, o que representa 14% do teto de R$ 700 milh\u00f5es disponibilizados para essa categoria. As empresas que demonstraram interesse foram Volkswagen Truck, Mercedes-Benz, Scania, Fiat Chrysler, Peugeot Citroen, Volvo, Ford, Iveco, Mercedes-Benz Cars &amp; Vans e Daf Caminh\u00f5es.<\/p>\n<p>No caso dos \u00f4nibus, nove montadoras aderiram ao programa. S\u00e3o elas: Mercedes-Benz, Scania, Fiat Chrysler, Mercedes-Benz Cars &amp; Vans, Comil, Ciferal, Marcopolo, Volare e Iveco. Essas empresas solicitaram descontos em tributos que somam R$ 90 milh\u00f5es, o equivalente a 30% do teto de R$ 300 milh\u00f5es disponibilizados para as montadoras de \u00f4nibus.<\/p>\n<p><span style=\"font-weight: 400;\"><br \/>\n<\/span><span style=\"font-weight: 400;\">Fonte: Ag\u00eancia Brasil <\/span><\/p>\n","protected":false},"excerpt":{"rendered":"<p>Nove montadoras de carros, dez de caminh\u00f5es e nove de \u00f4nibus aderiram ao programa do governo federal que prev\u00ea a redu\u00e7\u00e3o de impostos para baratear o valor dos autom\u00f3veis no Brasil. A informa\u00e7\u00e3o foi divulgada nesta quarta-feira (14) pelo Minist\u00e9rio do Desenvolvimento, Ind\u00fastria Com\u00e9rcio e Servi\u00e7os (MDIC).\u00a0 \u00a0 Em rela\u00e7\u00e3o aos carros de passeio, demonstraram [&hellip;]<\/p>\n","protected":false},"author":246,"featured_media":214835,"comment_status":"closed","ping_status":"closed","sticky":false,"template":"","format":"standard","meta":{"footnotes":""},"categories":[436,261,439],"tags":[],"class_list":["post-214834","post","type-post","status-publish","format-standard","has-post-thumbnail","hentry","category-destaque-da-semana","category-economia","category-ultima-hora"],"_links":{"self":[{"href":"https:\/\/diarioregionaldigital.com.br\/index.php?rest_route=\/wp\/v2\/posts\/214834","targetHints":{"allow":["GET"]}}],"collection":[{"href":"https:\/\/diarioregionaldigital.com.br\/index.php?rest_route=\/wp\/v2\/posts"}],"about":[{"href":"https:\/\/diarioregionaldigital.com.br\/index.php?rest_route=\/wp\/v2\/types\/post"}],"author":[{"embeddable":true,"href":"https:\/\/diarioregionaldigital.com.br\/index.php?rest_route=\/wp\/v2\/users\/246"}],"replies":[{"embeddable":true,"href":"https:\/\/diarioregionaldigital.com.br\/index.php?rest_route=%2Fwp%2Fv2%2Fcomments&post=214834"}],"version-history":[{"count":1,"href":"https:\/\/diarioregionaldigital.com.br\/index.php?rest_route=\/wp\/v2\/posts\/214834\/revisions"}],"predecessor-version":[{"id":214836,"href":"https:\/\/diarioregionaldigital.com.br\/index.php?rest_route=\/wp\/v2\/posts\/214834\/revisions\/214836"}],"wp:featuredmedia":[{"embeddable":true,"href":"https:\/\/diarioregionaldigital.com.br\/index.php?rest_route=\/wp\/v2\/media\/214835"}],"wp:attachment":[{"href":"https:\/\/diarioregionaldigital.com.br\/index.php?rest_route=%2Fwp%2Fv2%2Fmedia&parent=214834"}],"wp:term":[{"taxonomy":"category","embeddable":true,"href":"https:\/\/diarioregionaldigital.com.br\/index.php?rest_route=%2Fwp%2Fv2%2Fcategories&post=214834"},{"taxonomy":"post_tag","embeddable":true,"href":"https:\/\/diarioregionaldigital.com.br\/index.php?rest_route=%2Fwp%2Fv2%2Ftags&post=214834"}],"curies":[{"name":"wp","href":"https:\/\/api.w.org\/{rel}","templated":true}]}}