{"id":214818,"date":"2023-06-13T00:18:03","date_gmt":"2023-06-13T03:18:03","guid":{"rendered":"https:\/\/diarioregionaldigital.com.br\/?p=214818"},"modified":"2023-06-13T00:18:03","modified_gmt":"2023-06-13T03:18:03","slug":"procissao-de-santo-antonio-interdita-avenida-rio-branco-na-terca-feira-13","status":"publish","type":"post","link":"https:\/\/diarioregionaldigital.com.br\/?p=214818","title":{"rendered":"Prociss\u00e3o de Santo Ant\u00f4nio interdita Avenida Rio Branco na ter\u00e7a-feira, 13"},"content":{"rendered":"<p>Segundo informa\u00e7\u00f5es do site da Prefeitura de Juiz de Fora (PJF), no feriado do dia 13 de junho, em celebra\u00e7\u00e3o a Santo Ant\u00f4nio, padroeiro da cidade, ser\u00e1 realizada uma prociss\u00e3o com sa\u00edda \u00e0s 15h do Semin\u00e1rio Santo Ant\u00f4nio, localizado na Avenida Rio Branco, 4.51, at\u00e9 a Catedral Metropolitana. O trajeto dos fi\u00e9is ser\u00e1 pela pista central da Avenida Rio Branco e em seguida pela Rua Esp\u00edrito Santo at\u00e9 o destino final. Os agentes de transporte e tr\u00e2nsito da Secretaria de Mobilidade Urbana (SMU) da Prefeitura de Juiz de Fora (PJF) v\u00e3o controlar o tr\u00e2nsito no momento da passagem do cortejo. Os \u00f4nibus v\u00e3o circular pelas pistas laterais da Rio Branco.<br \/>\nTamb\u00e9m na ter\u00e7a-feira, 13, haver\u00e1 interdi\u00e7\u00e3o total da Rua Cabo Frio, no bairro Mariano Proc\u00f3pio, para o evento de inaugura\u00e7\u00e3o da Quarta Adutora da cidade juntamente com uma edi\u00e7\u00e3o especial junina da Rua de Brincar. A partir de 12h, haver\u00e1 brinquedos infl\u00e1veis, tot\u00f3, ping pong, cama el\u00e1stica e parquinho infantil. Haver\u00e1 tamb\u00e9m barraquinhas com vendas de comidas e bebidas t\u00edpicas, como milho verde, ma\u00e7\u00e3 do amor, caldos, doces e quent\u00e3o. Al\u00e9m disso, ocorrer\u00e3o apresenta\u00e7\u00f5es do Coral da Cesama, do grupo de samba Batuque de Roda, grupo de m\u00fasica infantil Trupicada e DJ.<br \/>\nJ\u00e1 nos dias 15, quinta-feira, e 16, sexta-feira, a Rua Jo\u00e3o Pires Almeida com a Rua Regina Gabriela da Silva, no bairro Jardim Esperan\u00e7a, ficar\u00e1 interditada para a realiza\u00e7\u00e3o da Festa de S\u00e3o Pedro e S\u00e3o Paulo. A linha de \u00f4nibus que passa no local ser\u00e1 desviada.<\/p>\n","protected":false},"excerpt":{"rendered":"<p>Segundo informa\u00e7\u00f5es do site da Prefeitura de Juiz de Fora (PJF), no feriado do dia 13 de junho, em celebra\u00e7\u00e3o a Santo Ant\u00f4nio, padroeiro da cidade, ser\u00e1 realizada uma prociss\u00e3o com sa\u00edda \u00e0s 15h do Semin\u00e1rio Santo Ant\u00f4nio, localizado na Avenida Rio Branco, 4.51, at\u00e9 a Catedral Metropolitana. O trajeto dos fi\u00e9is ser\u00e1 pela pista [&hellip;]<\/p>\n","protected":false},"author":246,"featured_media":214819,"comment_status":"closed","ping_status":"closed","sticky":false,"template":"","format":"standard","meta":{"footnotes":""},"categories":[253,436,439],"tags":[],"class_list":["post-214818","post","type-post","status-publish","format-standard","has-post-thumbnail","hentry","category-cidade","category-destaque-da-semana","category-ultima-hora"],"_links":{"self":[{"href":"https:\/\/diarioregionaldigital.com.br\/index.php?rest_route=\/wp\/v2\/posts\/214818","targetHints":{"allow":["GET"]}}],"collection":[{"href":"https:\/\/diarioregionaldigital.com.br\/index.php?rest_route=\/wp\/v2\/posts"}],"about":[{"href":"https:\/\/diarioregionaldigital.com.br\/index.php?rest_route=\/wp\/v2\/types\/post"}],"author":[{"embeddable":true,"href":"https:\/\/diarioregionaldigital.com.br\/index.php?rest_route=\/wp\/v2\/users\/246"}],"replies":[{"embeddable":true,"href":"https:\/\/diarioregionaldigital.com.br\/index.php?rest_route=%2Fwp%2Fv2%2Fcomments&post=214818"}],"version-history":[{"count":1,"href":"https:\/\/diarioregionaldigital.com.br\/index.php?rest_route=\/wp\/v2\/posts\/214818\/revisions"}],"predecessor-version":[{"id":214820,"href":"https:\/\/diarioregionaldigital.com.br\/index.php?rest_route=\/wp\/v2\/posts\/214818\/revisions\/214820"}],"wp:featuredmedia":[{"embeddable":true,"href":"https:\/\/diarioregionaldigital.com.br\/index.php?rest_route=\/wp\/v2\/media\/214819"}],"wp:attachment":[{"href":"https:\/\/diarioregionaldigital.com.br\/index.php?rest_route=%2Fwp%2Fv2%2Fmedia&parent=214818"}],"wp:term":[{"taxonomy":"category","embeddable":true,"href":"https:\/\/diarioregionaldigital.com.br\/index.php?rest_route=%2Fwp%2Fv2%2Fcategories&post=214818"},{"taxonomy":"post_tag","embeddable":true,"href":"https:\/\/diarioregionaldigital.com.br\/index.php?rest_route=%2Fwp%2Fv2%2Ftags&post=214818"}],"curies":[{"name":"wp","href":"https:\/\/api.w.org\/{rel}","templated":true}]}}