{"id":214666,"date":"2023-06-06T22:39:53","date_gmt":"2023-06-07T01:39:53","guid":{"rendered":"https:\/\/diarioregionaldigital.com.br\/?p=214666"},"modified":"2023-06-06T22:39:53","modified_gmt":"2023-06-07T01:39:53","slug":"vice-governador-reforca-proximidade-com-os-municipios-para-melhorar-a-vida-da-populacao","status":"publish","type":"post","link":"https:\/\/diarioregionaldigital.com.br\/?p=214666","title":{"rendered":"Vice-governador refor\u00e7a proximidade com os munic\u00edpios para melhorar a vida da popula\u00e7\u00e3o"},"content":{"rendered":"<p>O vice-governador Professor Mateus cumpriu agendas de trabalho em Po\u00e7os de Caldas, no Sul de Minas, nesta ter\u00e7a-feira (6\/6). Ele se reuniu com representantes dos setores produtivos da cidade e conversou com os vereadores da cidade para entender as demandas do munic\u00edpio. Ainda na cidade, ele conheceu as instala\u00e7\u00f5es da f\u00e1brica da Ferrero, grande geradora de empregos da regi\u00e3o e palestrou em um evento sobre o futuro da educa\u00e7\u00e3o.<\/p>\n<p>Durante o encontro com os setores produtivos, realizado no Palace Hotel, uma refer\u00eancia tur\u00edstica da cidade, o vice-governador refor\u00e7ou a import\u00e2ncia de estar pr\u00f3ximo das cidades para atender as demandas da popula\u00e7\u00e3o.<\/p>\n<p>\u201cO governador Romeu Zema\u00a0e eu n\u00e3o acreditamos na ideia de governar a partir de Belo Horizonte, sem o contato com todas as regi\u00f5es do estado. Portanto, n\u00f3s tentamos semanalmente estarmos no interior para podermos fazer contato, especialmente com os prefeitos e deputados da regi\u00e3o. Isso faz parte de uma busca para entender o que \u00e9 necess\u00e1rio em cada uma das \u00e1reas do estado\u201d, explicou.<\/p>\n<p>Professor Mateus est\u00e1 cumprindo\u00a0s\u00e9rie de agendas no Sul do estado. Ele j\u00e1 passou por Pouso Alegre, Ouro Fino, Jacutinga, Andradas e Po\u00e7os de Caldas.<\/p>\n<p>&#8220;Acho que, no Sul de Minas, nosso grande problema a ser resolvido \u00e9 a infraestrutura rodovi\u00e1ria. As concess\u00f5es s\u00e3o um ponto importante nisso, mas temos outras estradas que ainda n\u00e3o est\u00e3o concedidas e que precisam de um estudo para encontrar solu\u00e7\u00f5es. Mas, em cada uma das cidades que visitamos, encontramos demandas espec\u00edficas que precisam ser tratadas. Ent\u00e3o, essas agendas s\u00e3o uma forma de manter mais proximidade e fazer com que o investimento do estado seja aplicado naquilo que importa e impacta positivamente a vida da popula\u00e7\u00e3o\u201d, afirmou.<\/p>\n<figure class=\"image\"><img decoding=\"async\" src=\"https:\/\/www.agenciaminas.mg.gov.br\/ckeditor_assets\/pictures\/17567\/content_almoco_-27.jpg\" alt=\"\" \/><figcaption><sub><em>Cristiano Machado \/ Imprensa MG<\/em><\/sub><\/figcaption><\/figure>\n<p><strong>Di\u00e1logo com o munic\u00edpio<\/strong><\/p>\n<p>Refor\u00e7ando o compromisso de manter o di\u00e1logo com representantes dos munic\u00edpios, o vice-governador se reuniu com os vereadores da cidade. Participaram os parlamentares: Douglas Eduardo de Souza, presidente da c\u00e2mara; Kleber Silva; Silvio Assis; Lucas Arruda; Luzia Martins; Marcelo Heitor; Claudiney Marques; Fl\u00e1vio Togni de Lima e Silva; Wellington Guimar\u00e3es e Regina Cioffi. Na sequ\u00eancia, o vice-governador discursou na abertura da sess\u00e3o na C\u00e2mara Municipal de Po\u00e7os de Caldas.<\/p>\n<p><strong>Turismo qualificado<\/strong><\/p>\n<p>O vice-governador ressaltou que a cidade de Po\u00e7os de Caldas tem potencial para explorar ainda mais o turismo, qualificando m\u00e3o de obra e investindo no setor. \u201c\u00c9 uma cidade que sempre traz uma necessidade de olhar para o turismo, pois \u00e9 um munic\u00edpio com maior quantidade de leitos de hospedagem e maior n\u00famero de ocupa\u00e7\u00e3o do estado. E vamos trabalhar para que a cidade seja qualificada para um turismo cada vez melhor. Temos o melhor queijo, o melhor vinho, o melhor azeite etc. N\u00f3s somos a Fran\u00e7a inserida no Sul de Minas, ent\u00e3o temos condi\u00e7\u00f5es de ter um turismo de valor mais agregado na regi\u00e3o\u201d, destacou.<\/p>\n<p><strong>Gera\u00e7\u00e3o de emprego<\/strong><\/p>\n<p>Ainda na cidade, o vice-governador visitou a f\u00e1brica da Ferrero Rocher, em Po\u00e7os de Caldas. No local s\u00e3o fabricados doces e chocolates que abastecem diversos pa\u00edses, favorecendo o fluxo de exporta\u00e7\u00e3o e importa\u00e7\u00e3o e, consequentemente, a economia mineira. A planta da empresa gera mais de mil empregos na regi\u00e3o. \u201cEmpresas como a esta s\u00e3o importantes para o estado porque geram empregos e, consequentemente, levam desenvolvimento para as regi\u00f5es\u201d, disse Professor Mateus.<\/p>\n<p><strong>Educa\u00e7\u00e3o do futuro<\/strong><\/p>\n<p>Por fim, o vice-governador participou do 7\u00ba Congresso Nacional de Educa\u00e7\u00e3o de Po\u00e7os de Caldas, evento que reuniu acad\u00eamicos, educadores, gestores educacionais e estudantes. Em sua palestra, Mateus, que tamb\u00e9m \u00e9 professor, elencou os desafios da educa\u00e7\u00e3o do futuro.<\/p>\n<p>\u201cN\u00f3s precisamos pensar o ensino com os desafios que s\u00e3o cada vez mais pulsantes. Eu fa\u00e7o aqui uma provoca\u00e7\u00e3o que \u00e9 real e nos faz pensar: a educa\u00e7\u00e3o como \u00e9 hoje vai ser a mesma at\u00e9 o final de nossas vidas? Eu me arrisco a dizer que n\u00e3o. A educa\u00e7\u00e3o dentro da sala de aula, de alguma maneira, evoluiu numa velocidade completamente diferente do resto do mundo. Provavelmente, a sala de aula \u00e9 o \u00fanico lugar em que se trouxesse algum antepassado de dois mil anos atr\u00e1s para o futuro, ele facilmente identificaria como sendo uma sala de aula, diferente de outros locais. Pois paramos no passado. A pr\u00e1tica pedag\u00f3gica precisa se desprender dessa l\u00f3gica antiga, pensando no futuro, para o qual ainda n\u00e3o estamos prontos\u201d, finalizou.<\/p>\n<p><span style=\"font-weight: 400;\">Fonte: Ag\u00eancia Minas\u00a0<\/span><span style=\"font-weight: 400;\"><br \/>\n<\/span><\/p>\n","protected":false},"excerpt":{"rendered":"<p>O vice-governador Professor Mateus cumpriu agendas de trabalho em Po\u00e7os de Caldas, no Sul de Minas, nesta ter\u00e7a-feira (6\/6). Ele se reuniu com representantes dos setores produtivos da cidade e conversou com os vereadores da cidade para entender as demandas do munic\u00edpio. Ainda na cidade, ele conheceu as instala\u00e7\u00f5es da f\u00e1brica da Ferrero, grande geradora [&hellip;]<\/p>\n","protected":false},"author":246,"featured_media":214669,"comment_status":"closed","ping_status":"closed","sticky":false,"template":"","format":"standard","meta":{"footnotes":""},"categories":[436,254,439],"tags":[],"class_list":["post-214666","post","type-post","status-publish","format-standard","has-post-thumbnail","hentry","category-destaque-da-semana","category-politica","category-ultima-hora"],"_links":{"self":[{"href":"https:\/\/diarioregionaldigital.com.br\/index.php?rest_route=\/wp\/v2\/posts\/214666","targetHints":{"allow":["GET"]}}],"collection":[{"href":"https:\/\/diarioregionaldigital.com.br\/index.php?rest_route=\/wp\/v2\/posts"}],"about":[{"href":"https:\/\/diarioregionaldigital.com.br\/index.php?rest_route=\/wp\/v2\/types\/post"}],"author":[{"embeddable":true,"href":"https:\/\/diarioregionaldigital.com.br\/index.php?rest_route=\/wp\/v2\/users\/246"}],"replies":[{"embeddable":true,"href":"https:\/\/diarioregionaldigital.com.br\/index.php?rest_route=%2Fwp%2Fv2%2Fcomments&post=214666"}],"version-history":[{"count":1,"href":"https:\/\/diarioregionaldigital.com.br\/index.php?rest_route=\/wp\/v2\/posts\/214666\/revisions"}],"predecessor-version":[{"id":214670,"href":"https:\/\/diarioregionaldigital.com.br\/index.php?rest_route=\/wp\/v2\/posts\/214666\/revisions\/214670"}],"wp:featuredmedia":[{"embeddable":true,"href":"https:\/\/diarioregionaldigital.com.br\/index.php?rest_route=\/wp\/v2\/media\/214669"}],"wp:attachment":[{"href":"https:\/\/diarioregionaldigital.com.br\/index.php?rest_route=%2Fwp%2Fv2%2Fmedia&parent=214666"}],"wp:term":[{"taxonomy":"category","embeddable":true,"href":"https:\/\/diarioregionaldigital.com.br\/index.php?rest_route=%2Fwp%2Fv2%2Fcategories&post=214666"},{"taxonomy":"post_tag","embeddable":true,"href":"https:\/\/diarioregionaldigital.com.br\/index.php?rest_route=%2Fwp%2Fv2%2Ftags&post=214666"}],"curies":[{"name":"wp","href":"https:\/\/api.w.org\/{rel}","templated":true}]}}