{"id":214663,"date":"2023-06-06T22:30:18","date_gmt":"2023-06-07T01:30:18","guid":{"rendered":"https:\/\/diarioregionaldigital.com.br\/?p=214663"},"modified":"2023-06-06T22:30:18","modified_gmt":"2023-06-07T01:30:18","slug":"lula-diz-que-pais-voltara-a-crescer-e-critica-juros-altos","status":"publish","type":"post","link":"https:\/\/diarioregionaldigital.com.br\/?p=214663","title":{"rendered":"Lula diz que pa\u00eds voltar\u00e1 a crescer e critica juros altos"},"content":{"rendered":"<p>O presidente Luiz In\u00e1cio Lula da Silva visitou nesta ter\u00e7a-feira (6) o polo automotivo Stellantis em Goiana, em Pernambuco. No local, Lula participou do lan\u00e7amento de uma nova linha de ve\u00edculos do grupo, que re\u00fane 14 marcas. \u00a0<img decoding=\"async\" src=\"https:\/\/agenciabrasil.ebc.com.br\/ebc.png?id=1537264&amp;o=node\" \/><img decoding=\"async\" src=\"https:\/\/agenciabrasil.ebc.com.br\/ebc.gif?id=1537264&amp;o=node\" \/><\/p>\n<p>Inaugurado em 2015, o polo j\u00e1 produziu mais de 1,4 milh\u00e3o de autom\u00f3veis e gera cerca de 60 mil empregos diretos e indiretos na regi\u00e3o.<\/p>\n<p>Em discurso, Lula prometeu que a economia nacional ir\u00e1 crescer nos pr\u00f3ximos anos. \u201cEste pa\u00eds vai voltar a crescer, este pa\u00eds vai voltar a ter cr\u00e9dito barato e este pa\u00eds vai trabalhar para que o Nordeste seja tratado de forma equ\u00e2nime com\u00a0os estados do Sul\u201d, disse.<\/p>\n<h2>Juros<\/h2>\n<p>O presidente voltou a criticar a taxa de juros, que est\u00e1 em 13,75%, ao afirmar que \u201cn\u00e3o h\u00e1 explica\u00e7\u00e3o hist\u00f3rica para termos os juros mais altos do mundo\u201d.<\/p>\n<p>Lula afirmou que o pa\u00eds precisa oferecer credibilidade, estabilidade e previsibilidade para atrair os investidores. \u201cComo \u00e9 que eu vou convencer um empres\u00e1rio a investir neste pa\u00eds se eu n\u00e3o der nenhuma garantia?\u201d. O presidente ressaltou que\u00a0em seus mandatos anteriores, o Brasil chegou a ocupar a posi\u00e7\u00e3o de sexta maior economia do mundo e\u00a0hoje est\u00e1 no 12\u00ba lugar.<\/p>\n<p>O presidente defendeu ainda priorizar pol\u00edticas para parcela mais vulner\u00e1vel da popula\u00e7\u00e3o.<\/p>\n<blockquote>\n<p style=\"text-align: left;\">&#8220;O milagre da economia brasileira no nosso governo foi que n\u00f3s t\u00ednhamos colocado o povo pobre no Or\u00e7amento. Quando o povo pobre pode comprar o que comer, pode comprar o que vestir, ele faz o com\u00e9rcio voltar a funcionar. O com\u00e9rcio precisa encomendar produtos para a ind\u00fastria. A ind\u00fastria come\u00e7a a funcionar. O com\u00e9rcio funcionando\u00a0e a ind\u00fastria funcionando vai gerar emprego. O emprego vai gerar mais um sal\u00e1rio. O sal\u00e1rio vai gerar mais um consumidor. O consumidor vai permitir que se gere mais emprego. \u00c9 a roda gigante da economia funcionando e todos participando dela\u201d.<\/p>\n<p><span style=\"font-weight: 400;\">Fonte: Ag\u00eancia Brasil <\/span><\/p>\n<\/blockquote>\n","protected":false},"excerpt":{"rendered":"<p>O presidente Luiz In\u00e1cio Lula da Silva visitou nesta ter\u00e7a-feira (6) o polo automotivo Stellantis em Goiana, em Pernambuco. No local, Lula participou do lan\u00e7amento de uma nova linha de ve\u00edculos do grupo, que re\u00fane 14 marcas. \u00a0 Inaugurado em 2015, o polo j\u00e1 produziu mais de 1,4 milh\u00e3o de autom\u00f3veis e gera cerca de [&hellip;]<\/p>\n","protected":false},"author":246,"featured_media":214664,"comment_status":"closed","ping_status":"closed","sticky":false,"template":"","format":"standard","meta":{"footnotes":""},"categories":[436,254,439],"tags":[],"class_list":["post-214663","post","type-post","status-publish","format-standard","has-post-thumbnail","hentry","category-destaque-da-semana","category-politica","category-ultima-hora"],"_links":{"self":[{"href":"https:\/\/diarioregionaldigital.com.br\/index.php?rest_route=\/wp\/v2\/posts\/214663","targetHints":{"allow":["GET"]}}],"collection":[{"href":"https:\/\/diarioregionaldigital.com.br\/index.php?rest_route=\/wp\/v2\/posts"}],"about":[{"href":"https:\/\/diarioregionaldigital.com.br\/index.php?rest_route=\/wp\/v2\/types\/post"}],"author":[{"embeddable":true,"href":"https:\/\/diarioregionaldigital.com.br\/index.php?rest_route=\/wp\/v2\/users\/246"}],"replies":[{"embeddable":true,"href":"https:\/\/diarioregionaldigital.com.br\/index.php?rest_route=%2Fwp%2Fv2%2Fcomments&post=214663"}],"version-history":[{"count":1,"href":"https:\/\/diarioregionaldigital.com.br\/index.php?rest_route=\/wp\/v2\/posts\/214663\/revisions"}],"predecessor-version":[{"id":214665,"href":"https:\/\/diarioregionaldigital.com.br\/index.php?rest_route=\/wp\/v2\/posts\/214663\/revisions\/214665"}],"wp:featuredmedia":[{"embeddable":true,"href":"https:\/\/diarioregionaldigital.com.br\/index.php?rest_route=\/wp\/v2\/media\/214664"}],"wp:attachment":[{"href":"https:\/\/diarioregionaldigital.com.br\/index.php?rest_route=%2Fwp%2Fv2%2Fmedia&parent=214663"}],"wp:term":[{"taxonomy":"category","embeddable":true,"href":"https:\/\/diarioregionaldigital.com.br\/index.php?rest_route=%2Fwp%2Fv2%2Fcategories&post=214663"},{"taxonomy":"post_tag","embeddable":true,"href":"https:\/\/diarioregionaldigital.com.br\/index.php?rest_route=%2Fwp%2Fv2%2Ftags&post=214663"}],"curies":[{"name":"wp","href":"https:\/\/api.w.org\/{rel}","templated":true}]}}