{"id":214657,"date":"2023-06-06T22:27:35","date_gmt":"2023-06-07T01:27:35","guid":{"rendered":"https:\/\/diarioregionaldigital.com.br\/?p=214657"},"modified":"2023-06-06T22:27:35","modified_gmt":"2023-06-07T01:27:35","slug":"camara-confirma-decisao-do-tse-e-cassa-mandato-de-deltan","status":"publish","type":"post","link":"https:\/\/diarioregionaldigital.com.br\/?p=214657","title":{"rendered":"C\u00e2mara confirma decis\u00e3o do TSE e cassa mandato de Deltan"},"content":{"rendered":"<p>A C\u00e2mara dos Deputados declarou nesta ter\u00e7a-feira (6) a perda de mandato do deputado Deltan Dallagnol (Podemos-PR).\u00a0<img decoding=\"async\" src=\"https:\/\/agenciabrasil.ebc.com.br\/ebc.png?id=1537227&amp;o=node\" \/><img decoding=\"async\" src=\"https:\/\/agenciabrasil.ebc.com.br\/ebc.gif?id=1537227&amp;o=node\" \/><\/p>\n<p>No dia 16 de maio, o Tribunal Superior Eleitoral (TSE) cassou, por unanimidade, o mandato do deputado por entender que Deltan Dallagnol pediu exonera\u00e7\u00e3o do cargo de procurador da Rep\u00fablica enquanto tramitavam processos administrativos que poderiam torna-lo ineleg\u00edvel, se fosse condenado.<\/p>\n<p>De acordo com a C\u00e2mara dos Deputados, a nomea\u00e7\u00e3o do suplente est\u00e1 pendente, em raz\u00e3o de uma disputa entre Itamar Paim (PL) e Luiz Carlos Hauly (Podemos). A nomea\u00e7\u00e3o ser\u00e1 determinada por decis\u00e3o da Justi\u00e7a.<\/p>\n<p>A nomea\u00e7\u00e3o do suplente que ocupar\u00e1 a cadeira de Dallagnol ainda depende de decis\u00e3o judicial, pois h\u00e1 uma disputa entre Itamar Paim (PL) e Luiz Carlos Hauly (Podemos).<\/p>\n<p>Em nota oficial, a C\u00e2mara explica que, em caso de perda de mandato determinada pela Justi\u00e7a Eleitoral, cabe \u00e0 Mesa Diretora da Casa declara a perdar e formalizar a decis\u00e3o da Justi\u00e7a Eleitoral.<\/p>\n<p>\u201cNesse caso, n\u00e3o h\u00e1 que se falar em decis\u00e3o da C\u00e2mara dos Deputados, mas apenas em declara\u00e7\u00e3o da perda do mandato pela Mesa\u201d, diz a nota.<\/p>\n<p>As outras situa\u00e7\u00f5es em que um deputado pode ter o mandato cassado s\u00e3o quebra de decoro ou condena\u00e7\u00e3o criminal transitada em julgado, quando a perda \u00e9 decidida por maioria absoluta do pPlen\u00e1rio da C\u00e2mara dos Deputados.<\/p>\n<p><span style=\"font-weight: 400;\">Fonte: Ag\u00eancia Brasil <\/span><\/p>\n","protected":false},"excerpt":{"rendered":"<p>A C\u00e2mara dos Deputados declarou nesta ter\u00e7a-feira (6) a perda de mandato do deputado Deltan Dallagnol (Podemos-PR).\u00a0 No dia 16 de maio, o Tribunal Superior Eleitoral (TSE) cassou, por unanimidade, o mandato do deputado por entender que Deltan Dallagnol pediu exonera\u00e7\u00e3o do cargo de procurador da Rep\u00fablica enquanto tramitavam processos administrativos que poderiam torna-lo ineleg\u00edvel, [&hellip;]<\/p>\n","protected":false},"author":246,"featured_media":214658,"comment_status":"closed","ping_status":"closed","sticky":false,"template":"","format":"standard","meta":{"footnotes":""},"categories":[436,254,439],"tags":[],"class_list":["post-214657","post","type-post","status-publish","format-standard","has-post-thumbnail","hentry","category-destaque-da-semana","category-politica","category-ultima-hora"],"_links":{"self":[{"href":"https:\/\/diarioregionaldigital.com.br\/index.php?rest_route=\/wp\/v2\/posts\/214657","targetHints":{"allow":["GET"]}}],"collection":[{"href":"https:\/\/diarioregionaldigital.com.br\/index.php?rest_route=\/wp\/v2\/posts"}],"about":[{"href":"https:\/\/diarioregionaldigital.com.br\/index.php?rest_route=\/wp\/v2\/types\/post"}],"author":[{"embeddable":true,"href":"https:\/\/diarioregionaldigital.com.br\/index.php?rest_route=\/wp\/v2\/users\/246"}],"replies":[{"embeddable":true,"href":"https:\/\/diarioregionaldigital.com.br\/index.php?rest_route=%2Fwp%2Fv2%2Fcomments&post=214657"}],"version-history":[{"count":1,"href":"https:\/\/diarioregionaldigital.com.br\/index.php?rest_route=\/wp\/v2\/posts\/214657\/revisions"}],"predecessor-version":[{"id":214659,"href":"https:\/\/diarioregionaldigital.com.br\/index.php?rest_route=\/wp\/v2\/posts\/214657\/revisions\/214659"}],"wp:featuredmedia":[{"embeddable":true,"href":"https:\/\/diarioregionaldigital.com.br\/index.php?rest_route=\/wp\/v2\/media\/214658"}],"wp:attachment":[{"href":"https:\/\/diarioregionaldigital.com.br\/index.php?rest_route=%2Fwp%2Fv2%2Fmedia&parent=214657"}],"wp:term":[{"taxonomy":"category","embeddable":true,"href":"https:\/\/diarioregionaldigital.com.br\/index.php?rest_route=%2Fwp%2Fv2%2Fcategories&post=214657"},{"taxonomy":"post_tag","embeddable":true,"href":"https:\/\/diarioregionaldigital.com.br\/index.php?rest_route=%2Fwp%2Fv2%2Ftags&post=214657"}],"curies":[{"name":"wp","href":"https:\/\/api.w.org\/{rel}","templated":true}]}}