{"id":214648,"date":"2023-06-06T22:11:30","date_gmt":"2023-06-07T01:11:30","guid":{"rendered":"https:\/\/diarioregionaldigital.com.br\/?p=214648"},"modified":"2023-06-06T22:11:30","modified_gmt":"2023-06-07T01:11:30","slug":"ministro-haddad-fez-o-anuncio-ao-lado-de-rainha-dos-paises-baixos","status":"publish","type":"post","link":"https:\/\/diarioregionaldigital.com.br\/?p=214648","title":{"rendered":"Ministro Haddad fez o an\u00fancio ao lado de rainha dos Pa\u00edses Baixos"},"content":{"rendered":"<p>Programa que pretende beneficiar cerca de 30 milh\u00f5es de pessoas com a renegocia\u00e7\u00e3o de d\u00edvidas, o Desenrola incluir\u00e1 um segmento de educa\u00e7\u00e3o financeira, anunciou nesta ter\u00e7a-feira (6) o ministro da Fazenda, Fernando Haddad. A a\u00e7\u00e3o tem como objetivo prevenir o risco de que os consumidores recaiam em novos d\u00e9bitos ap\u00f3s limparem o nome.<img decoding=\"async\" src=\"https:\/\/agenciabrasil.ebc.com.br\/ebc.png?id=1537254&amp;o=node\" \/><img decoding=\"async\" src=\"https:\/\/agenciabrasil.ebc.com.br\/ebc.gif?id=1537254&amp;o=node\" \/><\/p>\n<blockquote><p>\u201cN\u00f3s lan\u00e7amos ontem um programa para as pessoas que est\u00e3o negativadas e isso vai ser acompanhado de um programa de educa\u00e7\u00e3o financeira, que \u00e9 parte da sa\u00fade financeira. \u00c9 um elemento importante da sa\u00fade financeira\u201d, disse Haddad.<\/p><\/blockquote>\n<p>O ministro deu a declara\u00e7\u00e3o ao lado da rainha dos Pa\u00edses Baixos, M\u00e1xima Zorreguieta. Ela visitou o Minist\u00e9rio da Fazenda na qualidade de assessora especial do secret\u00e1rio-geral das Na\u00e7\u00f5es Unidas, Ant\u00f3nio Guterres, para Inclus\u00e3o Financeira para o Desenvolvimento (UNSGSA, na sigla em ingl\u00eas).<\/p>\n<div class=\"dnd-widget-wrapper context-cheio_8colunas type-image\">\n<div class=\"dnd-atom-rendered\">\n<div class=\"shadow overflow-hidden rounded-lg d-block zoom-on-hover-sm shadow-hover w-100\"><img decoding=\"async\" class=\"flex-fill img-cover\" title=\"Valter Campanato\/Ag\u00eancia Brasil\" src=\"https:\/\/imagens.ebc.com.br\/qmX5PqhoWizkXxYe2ZQO2zoyFrM=\/754x0\/smart\/https:\/\/agenciabrasil.ebc.com.br\/sites\/default\/files\/thumbnails\/image\/vac_abr0606232945.jpg?itok=FORTDEpC\" alt=\"Bras\u00edlia (DF), 06\/06\/2023 -  O ministro da Fazenda, Fernando Haddad,e a Rainha M\u00e1xima, dos Pa\u00edses Baixos \u2013 enviada especial do Secret\u00e1rio-Geral das Na\u00e7\u00f5es Unidas para Inclus\u00e3o Financeira para o Desenvolvimento (UNSGSA), falam a imprensa ap\u00f3s reuni\u00e3o. Foto Valter Campanato\/Ag\u00eancia Brasil.\" \/><\/div>\n<\/div>\n<div class=\"dnd-caption-wrapper\">\n<h6 class=\"meta\">Fernando Haddad se re\u00fane com a rainha M\u00e1xima, dos Pa\u00edses Baixos \u2013 enviada especial do Secret\u00e1rio-Geral das Na\u00e7\u00f5es Unidas para Inclus\u00e3o Financeira para o Desenvolvimento\u00a0&#8211;\u00a0<strong>Valter Campanato\/Ag\u00eancia Brasil<\/strong><\/h6>\n<\/div>\n<\/div>\n<p>No encontro, explicou Haddad, foram discutidos dois temas principais: a sa\u00fade financeira e a prote\u00e7\u00e3o dos direitos do consumidor de produtos financeiros. \u201cS\u00e3o temas que ela vem tratando diretamente, inclusive no \u00e2mbito do G-20 [grupo das 20 maiores economias do planeta], em torno dos ministros das Finan\u00e7as. Ela colocou a si pr\u00f3pria e o escrit\u00f3rio das Na\u00e7\u00f5es Unidas \u00e0 disposi\u00e7\u00e3o do Brasil para que esse interc\u00e2mbio possa ser feito\u201d.<\/p>\n<p>O ministro disse ainda que o Brasil pretende refor\u00e7ar os la\u00e7os com as Na\u00e7\u00f5es Unidas e com a pr\u00f3pria Holanda. A visita ao Minist\u00e9rio da Fazenda ocorre um dia depois de a rainha visitar o Banco Central e reunir-se com o presidente da institui\u00e7\u00e3o, Roberto Campos Neto.<\/p>\n<p>Rainha consorte dos Pa\u00edses Baixos, M\u00e1xima Zorreguieta Cerruti \u00e9 argentina, nascida em Buenos Aires. Casada com o rei Guilherme Alexandre, ascendeu ao trono em 2013, quando a ent\u00e3o rainha Beatriz abdicou. Antes de vir a Bras\u00edlia, a rainha visitou S\u00e3o Paulo, onde participou de reuni\u00f5es com executivos de institui\u00e7\u00f5es financeiras e visitou pequenos empreendimentos, alguns administrados por mulheres.<\/p>\n<p><span style=\"font-weight: 400;\">Fonte: Ag\u00eancia Brasil <\/span><\/p>\n","protected":false},"excerpt":{"rendered":"<p>Programa que pretende beneficiar cerca de 30 milh\u00f5es de pessoas com a renegocia\u00e7\u00e3o de d\u00edvidas, o Desenrola incluir\u00e1 um segmento de educa\u00e7\u00e3o financeira, anunciou nesta ter\u00e7a-feira (6) o ministro da Fazenda, Fernando Haddad. A a\u00e7\u00e3o tem como objetivo prevenir o risco de que os consumidores recaiam em novos d\u00e9bitos ap\u00f3s limparem o nome. \u201cN\u00f3s lan\u00e7amos [&hellip;]<\/p>\n","protected":false},"author":246,"featured_media":214649,"comment_status":"closed","ping_status":"closed","sticky":false,"template":"","format":"standard","meta":{"footnotes":""},"categories":[436,261,439],"tags":[],"class_list":["post-214648","post","type-post","status-publish","format-standard","has-post-thumbnail","hentry","category-destaque-da-semana","category-economia","category-ultima-hora"],"_links":{"self":[{"href":"https:\/\/diarioregionaldigital.com.br\/index.php?rest_route=\/wp\/v2\/posts\/214648","targetHints":{"allow":["GET"]}}],"collection":[{"href":"https:\/\/diarioregionaldigital.com.br\/index.php?rest_route=\/wp\/v2\/posts"}],"about":[{"href":"https:\/\/diarioregionaldigital.com.br\/index.php?rest_route=\/wp\/v2\/types\/post"}],"author":[{"embeddable":true,"href":"https:\/\/diarioregionaldigital.com.br\/index.php?rest_route=\/wp\/v2\/users\/246"}],"replies":[{"embeddable":true,"href":"https:\/\/diarioregionaldigital.com.br\/index.php?rest_route=%2Fwp%2Fv2%2Fcomments&post=214648"}],"version-history":[{"count":1,"href":"https:\/\/diarioregionaldigital.com.br\/index.php?rest_route=\/wp\/v2\/posts\/214648\/revisions"}],"predecessor-version":[{"id":214650,"href":"https:\/\/diarioregionaldigital.com.br\/index.php?rest_route=\/wp\/v2\/posts\/214648\/revisions\/214650"}],"wp:featuredmedia":[{"embeddable":true,"href":"https:\/\/diarioregionaldigital.com.br\/index.php?rest_route=\/wp\/v2\/media\/214649"}],"wp:attachment":[{"href":"https:\/\/diarioregionaldigital.com.br\/index.php?rest_route=%2Fwp%2Fv2%2Fmedia&parent=214648"}],"wp:term":[{"taxonomy":"category","embeddable":true,"href":"https:\/\/diarioregionaldigital.com.br\/index.php?rest_route=%2Fwp%2Fv2%2Fcategories&post=214648"},{"taxonomy":"post_tag","embeddable":true,"href":"https:\/\/diarioregionaldigital.com.br\/index.php?rest_route=%2Fwp%2Fv2%2Ftags&post=214648"}],"curies":[{"name":"wp","href":"https:\/\/api.w.org\/{rel}","templated":true}]}}