{"id":214642,"date":"2023-06-06T22:06:21","date_gmt":"2023-06-07T01:06:21","guid":{"rendered":"https:\/\/diarioregionaldigital.com.br\/?p=214642"},"modified":"2023-06-06T22:06:21","modified_gmt":"2023-06-07T01:06:21","slug":"bolsa-ultrapassa-114-mil-pontos-e-fecha-no-maior-nivel-desde-novembro","status":"publish","type":"post","link":"https:\/\/diarioregionaldigital.com.br\/?p=214642","title":{"rendered":"Bolsa ultrapassa 114 mil pontos e fecha no maior n\u00edvel desde novembro"},"content":{"rendered":"<p>O mercado financeiro teve um dia de otimismo. Beneficiada pela queda da infla\u00e7\u00e3o, a bolsa de valores ultrapassou os 114 mil pontos e fechou no maior n\u00edvel desde novembro. O d\u00f3lar caiu pela quarta vez seguida e aproxima-se de R$ 4,90, influenciado pelo cen\u00e1rio internacional favor\u00e1vel.<img decoding=\"async\" src=\"https:\/\/agenciabrasil.ebc.com.br\/ebc.png?id=1537258&amp;o=node\" \/><img decoding=\"async\" src=\"https:\/\/agenciabrasil.ebc.com.br\/ebc.gif?id=1537258&amp;o=node\" \/><\/p>\n<p>O \u00edndice Ibovespa, da B3, fechou esta ter\u00e7a-feira (6) aos 114.610 pontos, com alta de 1,7%. O indicador atingiu o maior n\u00edvel desde 8 de novembro do ano passado, uma semana ap\u00f3s os resultados das elei\u00e7\u00f5es presidenciais de 2022.<\/p>\n<p>No c\u00e2mbio, o mercado teve mais um dia de tr\u00e9gua. O d\u00f3lar comercial encerrou o dia vendido a R$ 4,912, com recuo de R$ 0,018 (-0,37%). Na m\u00ednima do dia, por volta das 14h, a cota\u00e7\u00e3o chegou a R$ 4,90.<\/p>\n<p>A moeda norte-americana est\u00e1 no menor n\u00edvel desde 15 de maio, quando tinha fechado em R$ 4,88. A divisa acumula queda de 3,17% apenas em junho. Em 2023, o recuo chega a 7%.<\/p>\n<h2>Motivos<\/h2>\n<p>Dois fatores contribu\u00edram com o otimismo do mercado financeiro. No Brasil, a divulga\u00e7\u00e3o de que o IGP-DI, \u00edndice divulgado pela Funda\u00e7\u00e3o Getulio Vargas (FGV) registrou defla\u00e7\u00e3o de 2,33% em maio animou o mercado de a\u00e7\u00f5es. O forte recuo da infla\u00e7\u00e3o aumenta as chances de o Banco Central antecipar o in\u00edcio do corte dos juros, o que incentiva investimentos mais arriscados como a bolsa de valores.<\/p>\n<p>No exterior, o d\u00f3lar caiu num dia favor\u00e1vel aos pa\u00edses emergentes. O aumento das chances de que o Federal Reserve (Fed, Banco Central norte-americano) n\u00e3o mexa nos juros na pr\u00f3xima reuni\u00e3o reduziu as press\u00f5es sobre a moeda norte-americana em todo o planeta, principalmente os pa\u00edses em desenvolvimento. O real foi uma das moedas que mais se valorizou nesta ter\u00e7a-feira, beneficiado pela entrada de investimentos estrangeiros no Brasil.<\/p>\n<p>Agora, a\u00a0<strong>Ag\u00eancia Brasil<\/strong>\u00a0est\u00e1 dando as mat\u00e9rias sobre o fechamento do mercado financeiro apenas em dias extraordin\u00e1rios. A cota\u00e7\u00e3o do d\u00f3lar e o n\u00edvel da bolsa de valores n\u00e3o s\u00e3o mais informados diariamente.<\/p>\n<p><span style=\"font-weight: 400;\">Fonte: Ag\u00eancia Brasil <\/span><\/p>\n","protected":false},"excerpt":{"rendered":"<p>O mercado financeiro teve um dia de otimismo. Beneficiada pela queda da infla\u00e7\u00e3o, a bolsa de valores ultrapassou os 114 mil pontos e fechou no maior n\u00edvel desde novembro. O d\u00f3lar caiu pela quarta vez seguida e aproxima-se de R$ 4,90, influenciado pelo cen\u00e1rio internacional favor\u00e1vel. O \u00edndice Ibovespa, da B3, fechou esta ter\u00e7a-feira (6) [&hellip;]<\/p>\n","protected":false},"author":246,"featured_media":214643,"comment_status":"closed","ping_status":"closed","sticky":false,"template":"","format":"standard","meta":{"footnotes":""},"categories":[436,440,261,439],"tags":[],"class_list":["post-214642","post","type-post","status-publish","format-standard","has-post-thumbnail","hentry","category-destaque-da-semana","category-destaques-do-dia","category-economia","category-ultima-hora"],"_links":{"self":[{"href":"https:\/\/diarioregionaldigital.com.br\/index.php?rest_route=\/wp\/v2\/posts\/214642","targetHints":{"allow":["GET"]}}],"collection":[{"href":"https:\/\/diarioregionaldigital.com.br\/index.php?rest_route=\/wp\/v2\/posts"}],"about":[{"href":"https:\/\/diarioregionaldigital.com.br\/index.php?rest_route=\/wp\/v2\/types\/post"}],"author":[{"embeddable":true,"href":"https:\/\/diarioregionaldigital.com.br\/index.php?rest_route=\/wp\/v2\/users\/246"}],"replies":[{"embeddable":true,"href":"https:\/\/diarioregionaldigital.com.br\/index.php?rest_route=%2Fwp%2Fv2%2Fcomments&post=214642"}],"version-history":[{"count":1,"href":"https:\/\/diarioregionaldigital.com.br\/index.php?rest_route=\/wp\/v2\/posts\/214642\/revisions"}],"predecessor-version":[{"id":214644,"href":"https:\/\/diarioregionaldigital.com.br\/index.php?rest_route=\/wp\/v2\/posts\/214642\/revisions\/214644"}],"wp:featuredmedia":[{"embeddable":true,"href":"https:\/\/diarioregionaldigital.com.br\/index.php?rest_route=\/wp\/v2\/media\/214643"}],"wp:attachment":[{"href":"https:\/\/diarioregionaldigital.com.br\/index.php?rest_route=%2Fwp%2Fv2%2Fmedia&parent=214642"}],"wp:term":[{"taxonomy":"category","embeddable":true,"href":"https:\/\/diarioregionaldigital.com.br\/index.php?rest_route=%2Fwp%2Fv2%2Fcategories&post=214642"},{"taxonomy":"post_tag","embeddable":true,"href":"https:\/\/diarioregionaldigital.com.br\/index.php?rest_route=%2Fwp%2Fv2%2Ftags&post=214642"}],"curies":[{"name":"wp","href":"https:\/\/api.w.org\/{rel}","templated":true}]}}