{"id":214629,"date":"2023-06-06T16:36:39","date_gmt":"2023-06-06T19:36:39","guid":{"rendered":"https:\/\/diarioregionaldigital.com.br\/?p=214629"},"modified":"2023-06-06T16:36:39","modified_gmt":"2023-06-06T19:36:39","slug":"prf-e-pcmg-realizam-acao-contra-quadrilha-de-furto-roubo-de-veiculos-na-br-040-em-juiz-de-fora-mg","status":"publish","type":"post","link":"https:\/\/diarioregionaldigital.com.br\/?p=214629","title":{"rendered":"PRF e PCMG realizam a\u00e7\u00e3o contra quadrilha de furto\/roubo de ve\u00edculos na BR 040 em Juiz de Fora (MG)"},"content":{"rendered":"<p class=\"Textbody\">Durante a manh\u00e3 desta segunda-feira (05), a Pol\u00edcia Rodovi\u00e1ria Federal (PRF) e a Pol\u00edcia Civil de Minas Gerais (PCMG) realizaram uma a\u00e7\u00e3o que possibilitou a recupera\u00e7\u00e3o de 10 ve\u00edculos furtados \/ roubados desmontados.<\/p>\n<p class=\"Textbody\">Policiais Rodovi\u00e1rios Federais das Delegacias de Juiz de Fora (MG), Leopoldina (MG) e Tr\u00eas Rios (RJ) em conjunto com Policiais Civis de Minas Gerais, executaram identifica\u00e7\u00e3o veicular em ve\u00edculos que estavam totalmente desmontados no interior de um caminh\u00e3o apreendido pela PRF no km 800 da BR-040 no dia 20\/05\/2023.<\/p>\n<p class=\"Textbody\">As pe\u00e7as estavam organizadas de forma que n\u00e3o era poss\u00edvel acessar os componentes que permitiam identificar os ve\u00edculos furtados\/roubados, dessa forma os criminosos tentavam ludibriar a fiscaliza\u00e7\u00e3o. Entre os ve\u00edculos transportados foram identificados componentes como motores, c\u00e2mbios, pain\u00e9is e pe\u00e7as de lataria diversas.<\/p>\n<p class=\"Textbody\">Estima-se que o total de pe\u00e7as furtadas\/roubadas no ve\u00edculo supere a casa de R$ 1 milh\u00e3o. Se o c\u00e1lculo tomar como base o valor de mercado dos ve\u00edculos, chega-se a um montante de mais de R$ 1,5 milh\u00f5es.<\/p>\n<p class=\"Textbody\">As pe\u00e7as foram carregadas no Rio de Janeiro\/RJ e tinham como destino Goi\u00e2nia\/GO. O condutor do ve\u00edculo foi encaminhado \u00e0 Delegacia da Pol\u00edcia Judici\u00e1ria em Juiz de Fora na data da apreens\u00e3o.<\/p>\n","protected":false},"excerpt":{"rendered":"<p>Durante a manh\u00e3 desta segunda-feira (05), a Pol\u00edcia Rodovi\u00e1ria Federal (PRF) e a Pol\u00edcia Civil de Minas Gerais (PCMG) realizaram uma a\u00e7\u00e3o que possibilitou a recupera\u00e7\u00e3o de 10 ve\u00edculos furtados \/ roubados desmontados. Policiais Rodovi\u00e1rios Federais das Delegacias de Juiz de Fora (MG), Leopoldina (MG) e Tr\u00eas Rios (RJ) em conjunto com Policiais Civis de [&hellip;]<\/p>\n","protected":false},"author":246,"featured_media":214630,"comment_status":"closed","ping_status":"closed","sticky":false,"template":"","format":"standard","meta":{"footnotes":""},"categories":[301,436,439],"tags":[],"class_list":["post-214629","post","type-post","status-publish","format-standard","has-post-thumbnail","hentry","category-artigos-policiais","category-destaque-da-semana","category-ultima-hora"],"_links":{"self":[{"href":"https:\/\/diarioregionaldigital.com.br\/index.php?rest_route=\/wp\/v2\/posts\/214629","targetHints":{"allow":["GET"]}}],"collection":[{"href":"https:\/\/diarioregionaldigital.com.br\/index.php?rest_route=\/wp\/v2\/posts"}],"about":[{"href":"https:\/\/diarioregionaldigital.com.br\/index.php?rest_route=\/wp\/v2\/types\/post"}],"author":[{"embeddable":true,"href":"https:\/\/diarioregionaldigital.com.br\/index.php?rest_route=\/wp\/v2\/users\/246"}],"replies":[{"embeddable":true,"href":"https:\/\/diarioregionaldigital.com.br\/index.php?rest_route=%2Fwp%2Fv2%2Fcomments&post=214629"}],"version-history":[{"count":1,"href":"https:\/\/diarioregionaldigital.com.br\/index.php?rest_route=\/wp\/v2\/posts\/214629\/revisions"}],"predecessor-version":[{"id":214631,"href":"https:\/\/diarioregionaldigital.com.br\/index.php?rest_route=\/wp\/v2\/posts\/214629\/revisions\/214631"}],"wp:featuredmedia":[{"embeddable":true,"href":"https:\/\/diarioregionaldigital.com.br\/index.php?rest_route=\/wp\/v2\/media\/214630"}],"wp:attachment":[{"href":"https:\/\/diarioregionaldigital.com.br\/index.php?rest_route=%2Fwp%2Fv2%2Fmedia&parent=214629"}],"wp:term":[{"taxonomy":"category","embeddable":true,"href":"https:\/\/diarioregionaldigital.com.br\/index.php?rest_route=%2Fwp%2Fv2%2Fcategories&post=214629"},{"taxonomy":"post_tag","embeddable":true,"href":"https:\/\/diarioregionaldigital.com.br\/index.php?rest_route=%2Fwp%2Fv2%2Ftags&post=214629"}],"curies":[{"name":"wp","href":"https:\/\/api.w.org\/{rel}","templated":true}]}}