{"id":214606,"date":"2023-06-06T16:02:01","date_gmt":"2023-06-06T19:02:01","guid":{"rendered":"https:\/\/diarioregionaldigital.com.br\/?p=214606"},"modified":"2023-06-06T16:02:01","modified_gmt":"2023-06-06T19:02:01","slug":"brasil-fica-a-uma-medalha-da-500a-na-historia-do-parapan-de-jovens","status":"publish","type":"post","link":"https:\/\/diarioregionaldigital.com.br\/?p=214606","title":{"rendered":"Brasil fica a uma medalha da 500\u00aa na hist\u00f3ria do Parapan de Jovens"},"content":{"rendered":"<p>O Brasil chegou, na \u00faltima segunda-feira (5), a 499 medalhas na hist\u00f3ria dos Jogos Parapan-Americanos de Jovens. O evento, que re\u00fane atletas de 12 a 20 anos com defici\u00eancia e acontece desde 2005, ocorre este ano em Bogot\u00e1 (Col\u00f4mbia). A busca pelo 500\u00ba p\u00f3dio brasileiro prossegue nesta ter\u00e7a-feira (6), em quatro modalidades: t\u00eanis em cadeira de rodas, basquete em cadeira de rodas, futebol de paralisados cerebrais (PC) e goalball.<img decoding=\"async\" src=\"https:\/\/agenciabrasil.ebc.com.br\/ebc.png?id=1537089&amp;o=node\" \/><img decoding=\"async\" src=\"https:\/\/agenciabrasil.ebc.com.br\/ebc.gif?id=1537089&amp;o=node\" \/><\/p>\n<p>No basquete em cadeira de rodas feminino (que \u00e9 disputado com tr\u00eas atletas de cada lado), o Brasil encara a Argentina \u00e0s 12h30 (hor\u00e1rio de Bras\u00edlia), em busca da terceira vit\u00f3ria na competi\u00e7\u00e3o, ap\u00f3s os triunfos sobre El Salvador (9 a 3) e Chile (13 a 1), na segunda-feira (5). \u00c0s 14h, elas reencontram as salvadorenhas. Pelo torneio masculino (cinco contra cinco), o compromisso desta ter\u00e7a ser\u00e1 \u00e0s 17h, diante dos chilenos. Na segunda, os meninos superaram os argentinos por 58 a 54, na prorroga\u00e7\u00e3o.<\/p>\n<p>No goalball, a equipe masculina enfrenta Cuba \u00e0s 13h desta ter\u00e7a, enquanto a feminina encara as peruanas \u00e0s 14h15. As meninas buscam a reabilita\u00e7\u00e3o, ap\u00f3s a derrota por 11 a 8 para as argentinas, na segunda. No mesmo dia, os rapazes fizeram 10 a 0 em Porto Rico.<\/p>\n<p>J\u00e1 no t\u00eanis em cadeira de rodas, Lorenzo Godoy encara o uruguaio Alfonso Llovet, \u00e0s 13h, pelas quartas de final. Depois, \u00e0s 15h, Luiz Calixto e Vit\u00f3ria Miranda estreiam nas duplas mistas, contra os peruanos Walter Peralta e Mar\u00eda Fernanda Santiva\u00f1ez. Mais cedo nesta ter\u00e7a, Calixto enfrentou o venezuelano Ronald Diaz, valendo lugar nas semifinais da chave masculina individual.<\/p>\n<p>A sele\u00e7\u00e3o de futebol PC abriu os trabalhos desta ter\u00e7a duelando com a Col\u00f4mbia, em partida que come\u00e7ou \u00e0s 11h. A equipe verde e amarela estreou na segunda-feira, empatando por 2 a 2 com a Argentina, buscando a igualdade no \u00faltimo lance do jogo. Cesinha marcou os dois gols brasileiros.<\/p>\n<div class=\"dnd-widget-wrapper context-cheio_8colunas type-image\">\n<div class=\"dnd-atom-rendered\">\n<div class=\"shadow overflow-hidden rounded-lg d-block zoom-on-hover-sm shadow-hover w-100\"><img decoding=\"async\" class=\"flex-fill img-cover\" title=\"Wander Roberto\/CPB\/Direitos Reservados\" src=\"https:\/\/imagens.ebc.com.br\/675GEwn4tY8_ya4VlRbEqo84KQ8=\/754x0\/smart\/https:\/\/agenciabrasil.ebc.com.br\/sites\/default\/files\/thumbnails\/image\/basquete_em_cadeira_de_rodas_brasil.jpg?itok=eipUMqtT\" alt=\"sele\u00e7\u00e3o brasileira - basquete em cadeira de rodas - Parapan de Jovens 2023 - 05.06.23 - Brasil x Argentina \" \/><\/div>\n<\/div>\n<div class=\"dnd-caption-wrapper\">\n<div class=\"meta\">Pelo torneio masculino de basquete em cadeira de rodas\u00a0(cinco contra cinco), o Brasil entra em quadra \u00e0s 17h desta ter\u00e7a (6) contra o Chile\u00a0&#8211;\u00a0<strong>Wander Roberto\/CPB\/Direitos Reservados<\/strong><\/div>\n<\/div>\n<\/div>\n<h2>Quadro de medalhas<\/h2>\n<p>O Brasil lidera a tabela de medalhas com 11 ouros, tr\u00eas pratas e tr\u00eas bronzes, totalizando 17. Cinco delas vieram na segunda-feira, todas no t\u00eanis de mesa. Nas duplas femininas da classe WD14-20 (a soma da classe das atletas tem de ficar entre 14 e 20), Sophia Kelmer e Leth\u00edcia Lacerda (ambas da classe oito) garantiram o topo do p\u00f3dio ao derrotarem a tamb\u00e9m brasileira Karina Moura (classe sete) e a chilena Joseline Yevenes por 3 sets a 1 (11\/6, 8\/11, 11\/4 e 11\/9).<\/p>\n<p>Outro ouro veio nas duplas mistas XD4-10 (a soma das categorias deve estar entre quatro e dez), para cadeirantes, com Lucas Arabian (classe cinco) e Nicole Santos (classe tr\u00eas). Eles superaram o brasileiro Carlos Eduardo Morares e salvadorenha Josselyn Miranda por 3 a 0 (11\/6, 11\/4 e 11\/5).<\/p>\n<p>Nas duplas masculinas MD 14-18, Gabriel Antunes (classe dez) e Jean Mashki (classe oito) levaram a l\u00e1urea dourada ao baterem os colombianos Santiago Ramirez e Miguel Castro na final, por 3 a 2 (11\/6, 8\/11, 9\/11, 11\/6 e 11\/6). Mashki ainda foi bronze na classe XD14-17 das duplas mistas, com Leth\u00edcia Lacerda, enquanto Gabriel e Sophia Kelmer ficaram com a prata na XD20.<\/p>\n<p>Vale lembrar que a delega\u00e7\u00e3o brasileira n\u00e3o est\u00e1 presente nas disputas de atletismo e nata\u00e7\u00e3o, as que mais movimentam o quadro. O Comit\u00ea Paral\u00edmpico Brasileiro (CPB) tomou a decis\u00e3o pela organiza\u00e7\u00e3o do Parapan n\u00e3o ter garantido a classifica\u00e7\u00e3o funcional (processo que define a classe em que o atleta com defici\u00eancia compete) a todos os competidores de ambos os esportes.<\/p>\n<p><span style=\"font-weight: 400;\"><br \/>\n<\/span><span style=\"font-weight: 400;\">Fonte: Ag\u00eancia Brasil <\/span><\/p>\n","protected":false},"excerpt":{"rendered":"<p>O Brasil chegou, na \u00faltima segunda-feira (5), a 499 medalhas na hist\u00f3ria dos Jogos Parapan-Americanos de Jovens. O evento, que re\u00fane atletas de 12 a 20 anos com defici\u00eancia e acontece desde 2005, ocorre este ano em Bogot\u00e1 (Col\u00f4mbia). A busca pelo 500\u00ba p\u00f3dio brasileiro prossegue nesta ter\u00e7a-feira (6), em quatro modalidades: t\u00eanis em cadeira [&hellip;]<\/p>\n","protected":false},"author":246,"featured_media":214607,"comment_status":"closed","ping_status":"closed","sticky":false,"template":"","format":"standard","meta":{"footnotes":""},"categories":[436,257,439],"tags":[],"class_list":["post-214606","post","type-post","status-publish","format-standard","has-post-thumbnail","hentry","category-destaque-da-semana","category-esporte","category-ultima-hora"],"_links":{"self":[{"href":"https:\/\/diarioregionaldigital.com.br\/index.php?rest_route=\/wp\/v2\/posts\/214606","targetHints":{"allow":["GET"]}}],"collection":[{"href":"https:\/\/diarioregionaldigital.com.br\/index.php?rest_route=\/wp\/v2\/posts"}],"about":[{"href":"https:\/\/diarioregionaldigital.com.br\/index.php?rest_route=\/wp\/v2\/types\/post"}],"author":[{"embeddable":true,"href":"https:\/\/diarioregionaldigital.com.br\/index.php?rest_route=\/wp\/v2\/users\/246"}],"replies":[{"embeddable":true,"href":"https:\/\/diarioregionaldigital.com.br\/index.php?rest_route=%2Fwp%2Fv2%2Fcomments&post=214606"}],"version-history":[{"count":1,"href":"https:\/\/diarioregionaldigital.com.br\/index.php?rest_route=\/wp\/v2\/posts\/214606\/revisions"}],"predecessor-version":[{"id":214608,"href":"https:\/\/diarioregionaldigital.com.br\/index.php?rest_route=\/wp\/v2\/posts\/214606\/revisions\/214608"}],"wp:featuredmedia":[{"embeddable":true,"href":"https:\/\/diarioregionaldigital.com.br\/index.php?rest_route=\/wp\/v2\/media\/214607"}],"wp:attachment":[{"href":"https:\/\/diarioregionaldigital.com.br\/index.php?rest_route=%2Fwp%2Fv2%2Fmedia&parent=214606"}],"wp:term":[{"taxonomy":"category","embeddable":true,"href":"https:\/\/diarioregionaldigital.com.br\/index.php?rest_route=%2Fwp%2Fv2%2Fcategories&post=214606"},{"taxonomy":"post_tag","embeddable":true,"href":"https:\/\/diarioregionaldigital.com.br\/index.php?rest_route=%2Fwp%2Fv2%2Ftags&post=214606"}],"curies":[{"name":"wp","href":"https:\/\/api.w.org\/{rel}","templated":true}]}}