{"id":214603,"date":"2023-06-06T16:00:18","date_gmt":"2023-06-06T19:00:18","guid":{"rendered":"https:\/\/diarioregionaldigital.com.br\/?p=214603"},"modified":"2023-06-06T16:00:18","modified_gmt":"2023-06-06T19:00:18","slug":"vini-jr-orgao-propoe-multa-de-r-316-mil-a-autores-de-ataque-racista","status":"publish","type":"post","link":"https:\/\/diarioregionaldigital.com.br\/?p=214603","title":{"rendered":"Vini Jr: \u00d3rg\u00e3o prop\u00f5e multa de R$ 316 mil a autores de ataque racista"},"content":{"rendered":"<p>A\u00a0<a href=\"https:\/\/www.csd.gob.es\/es\/propuestas-de-sancion-de-la-comision-permanente-de-la-comision-estatal-contra-la-violencia-el-racismo-la-xenofobia-y-la-22\">Comiss\u00e3o Espanhola Antiviol\u00eancia\u00a0<\/a>&#8211; \u00f3rg\u00e3o colegiado do Conselho Superior de Desporto da Espanha &#8211;\u00a0prop\u00f4s nesta segunda-feira (5), ap\u00f3s reuni\u00e3o no Conselho Superior de Esportes, a aplica\u00e7\u00e3o de multa de 60 mil euros (o equivalente R$ 316,8 mil) e veto por dois anos em ambientes esportivos aos quatro suspeitos de pendurar num ponte na capital espanhola\u00a0um boneco preto\u00a0com a camisa 20 do Real Madrid, usada pelo atacante brasileiro Vin\u00edcius J\u00fanior. Junto ao boneco infl\u00e1vel, havia uma faixa vermelha e branca &#8211; em alus\u00e3o \u00e0s cores do\u00a0 Atl\u00e9tico de Madrid &#8211; com a frase \u201cMadri odeia o Real\u201d. Os quatro torcedores foram identificados como integrantes de uma torcida organizada e seguem sob investiga\u00e7\u00e3o do tribunal de justi\u00e7a por crime de \u00f3dio.<img decoding=\"async\" src=\"https:\/\/agenciabrasil.ebc.com.br\/ebc.png?id=1537038&amp;o=node\" \/><img decoding=\"async\" src=\"https:\/\/agenciabrasil.ebc.com.br\/ebc.gif?id=1537038&amp;o=node\" \/><\/p>\n<p>A Comiss\u00e3o Antiviol\u00eancia, que cuida de casos de racismo, xenofobia e intoler\u00e2ncia em atividades esportivas ,\u00a0sugeriu tamb\u00e9m o aumento do valor da multa &#8211;\u00a0 de 4 mil euros para 5 mil euros (R$ 26 mil reais) &#8211; aos tr\u00eas indiv\u00edduos identificados de proferirem\u00a0 insultos racistas contra Vini Jr. no \u00faltimo dia 21 de maio, durante duelo Real Madrid x Val\u00eancia, pelo Campeonato o Espanhol organizado pela LaLiga.\u00a0A Comiss\u00e3o justificou a eleva\u00e7\u00e3o da multa por &#8220;entender que os autores estavam conscientes de que seus atos eram reprov\u00e1veis\u00a0e por terem repetido as a\u00e7\u00f5es ao longo desta temporada\u201d.<\/p>\n<p>Ap\u00f3s a repercuss\u00e3o dos\u00a0<a href=\"https:\/\/agenciabrasil.ebc.com.br\/esportes\/noticia\/2023-05\/em-derrota-do-real-madrid-vini-jr-sofre-racismo-novamente\">atos\u00a0racistas sofridos por Vini Jr em 21 de maio\u00a0<\/a>&#8211; foram ao todo 10 ataques desde 2021 -, a pol\u00edcia espanhola deteve sete suspeitos: quatro pris\u00f5es referem-se aos envolvidos no caso do boneco preto pendurado numa ponte em frente ao Centro de Treinamento (CT) do Real Madrid, e os outros foram identificados como torcedores do Val\u00eancia.<\/p>\n<p><span style=\"font-weight: 400;\"><br \/>\n<\/span><span style=\"font-weight: 400;\">Fonte: Ag\u00eancia Brasil <\/span><\/p>\n","protected":false},"excerpt":{"rendered":"<p>A\u00a0Comiss\u00e3o Espanhola Antiviol\u00eancia\u00a0&#8211; \u00f3rg\u00e3o colegiado do Conselho Superior de Desporto da Espanha &#8211;\u00a0prop\u00f4s nesta segunda-feira (5), ap\u00f3s reuni\u00e3o no Conselho Superior de Esportes, a aplica\u00e7\u00e3o de multa de 60 mil euros (o equivalente R$ 316,8 mil) e veto por dois anos em ambientes esportivos aos quatro suspeitos de pendurar num ponte na capital espanhola\u00a0um boneco [&hellip;]<\/p>\n","protected":false},"author":246,"featured_media":214604,"comment_status":"closed","ping_status":"closed","sticky":false,"template":"","format":"standard","meta":{"footnotes":""},"categories":[436,257,439],"tags":[],"class_list":["post-214603","post","type-post","status-publish","format-standard","has-post-thumbnail","hentry","category-destaque-da-semana","category-esporte","category-ultima-hora"],"_links":{"self":[{"href":"https:\/\/diarioregionaldigital.com.br\/index.php?rest_route=\/wp\/v2\/posts\/214603","targetHints":{"allow":["GET"]}}],"collection":[{"href":"https:\/\/diarioregionaldigital.com.br\/index.php?rest_route=\/wp\/v2\/posts"}],"about":[{"href":"https:\/\/diarioregionaldigital.com.br\/index.php?rest_route=\/wp\/v2\/types\/post"}],"author":[{"embeddable":true,"href":"https:\/\/diarioregionaldigital.com.br\/index.php?rest_route=\/wp\/v2\/users\/246"}],"replies":[{"embeddable":true,"href":"https:\/\/diarioregionaldigital.com.br\/index.php?rest_route=%2Fwp%2Fv2%2Fcomments&post=214603"}],"version-history":[{"count":1,"href":"https:\/\/diarioregionaldigital.com.br\/index.php?rest_route=\/wp\/v2\/posts\/214603\/revisions"}],"predecessor-version":[{"id":214605,"href":"https:\/\/diarioregionaldigital.com.br\/index.php?rest_route=\/wp\/v2\/posts\/214603\/revisions\/214605"}],"wp:featuredmedia":[{"embeddable":true,"href":"https:\/\/diarioregionaldigital.com.br\/index.php?rest_route=\/wp\/v2\/media\/214604"}],"wp:attachment":[{"href":"https:\/\/diarioregionaldigital.com.br\/index.php?rest_route=%2Fwp%2Fv2%2Fmedia&parent=214603"}],"wp:term":[{"taxonomy":"category","embeddable":true,"href":"https:\/\/diarioregionaldigital.com.br\/index.php?rest_route=%2Fwp%2Fv2%2Fcategories&post=214603"},{"taxonomy":"post_tag","embeddable":true,"href":"https:\/\/diarioregionaldigital.com.br\/index.php?rest_route=%2Fwp%2Fv2%2Ftags&post=214603"}],"curies":[{"name":"wp","href":"https:\/\/api.w.org\/{rel}","templated":true}]}}