{"id":214600,"date":"2023-06-06T15:59:12","date_gmt":"2023-06-06T18:59:12","guid":{"rendered":"https:\/\/diarioregionaldigital.com.br\/?p=214600"},"modified":"2023-06-06T15:59:12","modified_gmt":"2023-06-06T18:59:12","slug":"ana-satila-fatura-prata-em-etapa-da-copa-do-mundo-de-canoagem-slalom","status":"publish","type":"post","link":"https:\/\/diarioregionaldigital.com.br\/?p=214600","title":{"rendered":"Ana S\u00e1tila fatura prata em etapa da Copa do Mundo de Canoagem Slalom"},"content":{"rendered":"<p>A cano\u00edsta brasileira Ana S\u00e1tila foi vice-campe\u00e3 na prova de caiaque extremo (K1 Cross) neste domingo (4), na etapa de Augsburg (Alemanha) da Copa do Mundo de Canoagem Slalom. \u00c0 frente de S\u00e1tila ficou Stefanie Horn (It\u00e1lia), que levou o ouro, e M\u00f4nica Vilarrubla. (Andorra) que encerrou a disputa na terceira posi\u00e7\u00e3o.\u00a0\u00a0A modalidade K1 Cross estrear\u00e1 como modalidade ol\u00edmpica nos Jogos de Paris 2024.<img decoding=\"async\" src=\"https:\/\/agenciabrasil.ebc.com.br\/ebc.png?id=1536957&amp;o=node\" \/><img decoding=\"async\" src=\"https:\/\/agenciabrasil.ebc.com.br\/ebc.gif?id=1536957&amp;o=node\" \/><\/p>\n<blockquote><p>\u201cEu estou aqui com a prata in\u00e9dita, foi uma competi\u00e7\u00e3o acirrada do come\u00e7ou ao fim, foi bem desgastante e sair assim da prova com essa medalha \u00e9 uma sensa\u00e7\u00e3o incr\u00edvel, obrigado mais uma vez para todos os que torceram por mim\u201d, disse S\u00e1tila, campe\u00e3 mundial da categoria em 2018 e atual campe\u00e3 nos Jogos Pan-Americanos.<\/p><\/blockquote>\n<p>Com a prata deste domingo (4), a brasileira j\u00e1 soma cinco medalhas em etapas da Copa do Mundo. As competi\u00e7\u00f5es na Europa servem de prepara\u00e7\u00e3o para o Mundial, em Londres (Inglaterra), em setembro, que distribuir\u00e1 seis vagas por g\u00eanero na prova de K1.<\/p>\n<p>A pr\u00f3xima etapa da Copa do Mundo come\u00e7a na sexta (9) em Praga (Rep\u00fablica Theca). Al\u00e9m de Ana S\u00e1tila, a delega\u00e7\u00e3o brasileira conta com os atletas Mathieu Desnos, Kau\u00e3 da Silva, Omira Est\u00e1cia e Pedro Henrique Gon\u00e7alves.<\/p>\n<p><span style=\"font-weight: 400;\"><br \/>\n<\/span><span style=\"font-weight: 400;\">Fonte: Ag\u00eancia Brasil\u00a0<\/span><span style=\"font-weight: 400;\"><br \/>\n<\/span><\/p>\n","protected":false},"excerpt":{"rendered":"<p>A cano\u00edsta brasileira Ana S\u00e1tila foi vice-campe\u00e3 na prova de caiaque extremo (K1 Cross) neste domingo (4), na etapa de Augsburg (Alemanha) da Copa do Mundo de Canoagem Slalom. \u00c0 frente de S\u00e1tila ficou Stefanie Horn (It\u00e1lia), que levou o ouro, e M\u00f4nica Vilarrubla. (Andorra) que encerrou a disputa na terceira posi\u00e7\u00e3o.\u00a0\u00a0A modalidade K1 Cross [&hellip;]<\/p>\n","protected":false},"author":246,"featured_media":214601,"comment_status":"closed","ping_status":"closed","sticky":false,"template":"","format":"standard","meta":{"footnotes":""},"categories":[436,257,439],"tags":[],"class_list":["post-214600","post","type-post","status-publish","format-standard","has-post-thumbnail","hentry","category-destaque-da-semana","category-esporte","category-ultima-hora"],"_links":{"self":[{"href":"https:\/\/diarioregionaldigital.com.br\/index.php?rest_route=\/wp\/v2\/posts\/214600","targetHints":{"allow":["GET"]}}],"collection":[{"href":"https:\/\/diarioregionaldigital.com.br\/index.php?rest_route=\/wp\/v2\/posts"}],"about":[{"href":"https:\/\/diarioregionaldigital.com.br\/index.php?rest_route=\/wp\/v2\/types\/post"}],"author":[{"embeddable":true,"href":"https:\/\/diarioregionaldigital.com.br\/index.php?rest_route=\/wp\/v2\/users\/246"}],"replies":[{"embeddable":true,"href":"https:\/\/diarioregionaldigital.com.br\/index.php?rest_route=%2Fwp%2Fv2%2Fcomments&post=214600"}],"version-history":[{"count":1,"href":"https:\/\/diarioregionaldigital.com.br\/index.php?rest_route=\/wp\/v2\/posts\/214600\/revisions"}],"predecessor-version":[{"id":214602,"href":"https:\/\/diarioregionaldigital.com.br\/index.php?rest_route=\/wp\/v2\/posts\/214600\/revisions\/214602"}],"wp:featuredmedia":[{"embeddable":true,"href":"https:\/\/diarioregionaldigital.com.br\/index.php?rest_route=\/wp\/v2\/media\/214601"}],"wp:attachment":[{"href":"https:\/\/diarioregionaldigital.com.br\/index.php?rest_route=%2Fwp%2Fv2%2Fmedia&parent=214600"}],"wp:term":[{"taxonomy":"category","embeddable":true,"href":"https:\/\/diarioregionaldigital.com.br\/index.php?rest_route=%2Fwp%2Fv2%2Fcategories&post=214600"},{"taxonomy":"post_tag","embeddable":true,"href":"https:\/\/diarioregionaldigital.com.br\/index.php?rest_route=%2Fwp%2Fv2%2Ftags&post=214600"}],"curies":[{"name":"wp","href":"https:\/\/api.w.org\/{rel}","templated":true}]}}