{"id":214597,"date":"2023-06-06T15:57:02","date_gmt":"2023-06-06T18:57:02","guid":{"rendered":"https:\/\/diarioregionaldigital.com.br\/?p=214597"},"modified":"2023-06-06T15:57:02","modified_gmt":"2023-06-06T18:57:02","slug":"bia-haddad-vence-e-pais-volta-as-quartas-de-roland-garros-apos-19-anos","status":"publish","type":"post","link":"https:\/\/diarioregionaldigital.com.br\/?p=214597","title":{"rendered":"Bia Haddad vence e pa\u00eds volta \u00e0s quartas de Roland Garros ap\u00f3s 19 anos"},"content":{"rendered":"<p>A paulistana Beatriz Haddad voltou a quebrar a escrita nesta segunda-feira (5) ao vencer de virada a espanhola Sara Sorribes, 2 sets a 1, e colocar o Brasil \u00a0de volta \u00e0s quartas de final de Roland Garros. Desde 2004, com o catarinense Gustavo Kuerten, um brasileiro n\u00e3o chegava t\u00e3o longe no saibro parisiense. Entre as mulheres, Bia p\u00f4s fim a um jejum ainda maior, igualando o feito de Maria Esther Bueno, que em 1968 ficou entre as oito melhores no US Open.<img decoding=\"async\" src=\"https:\/\/agenciabrasil.ebc.com.br\/ebc.png?id=1536900&amp;o=node\" \/><img decoding=\"async\" src=\"https:\/\/agenciabrasil.ebc.com.br\/ebc.gif?id=1536900&amp;o=node\" \/><\/p>\n<p>Atual n\u00famero 12 no ranking mundial, Bia volta a competir \u00e0s 7h (hor\u00e1rio de Bras\u00edlia) de quarta (7), contra a tunisiana Ons Jabeur (7\u00aa) por uma vaga nas semifinais. As duas j\u00e1 se enfrentaram duas vezes, ambas com vit\u00f3ria de Jabeur.<\/p>\n<p>A brasileira come\u00e7ou bem na partida de hoje (5), contra Sorribes (132\u00aa), que se garantiu nas oitavas ap\u00f3s a desist\u00eancia da cazaque Elena Rybakina \u2013 n\u00famero 4 do mundo &#8211; em raz\u00e3o de uma virose. Bia chegou a abrir vantagem de 5\/2 no placar, mas passou a oscilar com o jogo defensivo da espanhola e perdeu por 6\/7 (3-7). Na segunda parcial, Bia retomou o controle do jogo, ganhando por 6\/3. O terceiro set foi marcado pelo equil\u00edbrio, e Bia se superou em quadra e arrematou a vaga nas quartas ao levar o set por 7\/5, ap\u00f3s 3h51 de partida.<\/p>\n<blockquote><p>&#8220;Hoje foi uma partida de muitos altos e baixos. Sinto que comecei bem e a Sara \u00e9 muito experiente e lutadora, ent\u00e3o ela foi mudando um pouco do jogo e eu tentei ser agressiva para acompanhar. Eu estava set e 3\/0 abaixo e ainda assim tentei continuar firme mentalmente. Acho que a chave de hoje foi me perdoar e tentar espremer tudo o que eu tinha. Estou feliz pela briga, pela luta&#8221;, disse a tenista.<\/p><\/blockquote>\n<h2>Outros resultados<\/h2>\n<p>A parceria da brasileira Luisa Stefani com a canadense Gabriela Dabrowski se despediu de Roland Garros ao perder o duelo de quartas de final por 2 sets a 1 (6\/4 4\/6 6\/2) para a dupla de Leylah Fernandez (Canad\u00e1) e Taylor Towsend (Estados Unidos).<\/p>\n<p>Na sequ\u00eancia, Stefani voltou a competir nas quartas das duplas mistas, ao lado do ga\u00facho Rafael Matos, A dupla brasileira foi superada, por 2 sets a 0 pela parceria Jap\u00e3o-Alemanha, formada por Miyu Kato e Tim Puetz.<\/p>\n<p><span style=\"font-weight: 400;\">Fonte: Ag\u00eancia Brasil <\/span><\/p>\n","protected":false},"excerpt":{"rendered":"<p>A paulistana Beatriz Haddad voltou a quebrar a escrita nesta segunda-feira (5) ao vencer de virada a espanhola Sara Sorribes, 2 sets a 1, e colocar o Brasil \u00a0de volta \u00e0s quartas de final de Roland Garros. Desde 2004, com o catarinense Gustavo Kuerten, um brasileiro n\u00e3o chegava t\u00e3o longe no saibro parisiense. Entre as [&hellip;]<\/p>\n","protected":false},"author":246,"featured_media":214598,"comment_status":"closed","ping_status":"closed","sticky":false,"template":"","format":"standard","meta":{"footnotes":""},"categories":[436,440,257,439],"tags":[],"class_list":["post-214597","post","type-post","status-publish","format-standard","has-post-thumbnail","hentry","category-destaque-da-semana","category-destaques-do-dia","category-esporte","category-ultima-hora"],"_links":{"self":[{"href":"https:\/\/diarioregionaldigital.com.br\/index.php?rest_route=\/wp\/v2\/posts\/214597","targetHints":{"allow":["GET"]}}],"collection":[{"href":"https:\/\/diarioregionaldigital.com.br\/index.php?rest_route=\/wp\/v2\/posts"}],"about":[{"href":"https:\/\/diarioregionaldigital.com.br\/index.php?rest_route=\/wp\/v2\/types\/post"}],"author":[{"embeddable":true,"href":"https:\/\/diarioregionaldigital.com.br\/index.php?rest_route=\/wp\/v2\/users\/246"}],"replies":[{"embeddable":true,"href":"https:\/\/diarioregionaldigital.com.br\/index.php?rest_route=%2Fwp%2Fv2%2Fcomments&post=214597"}],"version-history":[{"count":1,"href":"https:\/\/diarioregionaldigital.com.br\/index.php?rest_route=\/wp\/v2\/posts\/214597\/revisions"}],"predecessor-version":[{"id":214599,"href":"https:\/\/diarioregionaldigital.com.br\/index.php?rest_route=\/wp\/v2\/posts\/214597\/revisions\/214599"}],"wp:featuredmedia":[{"embeddable":true,"href":"https:\/\/diarioregionaldigital.com.br\/index.php?rest_route=\/wp\/v2\/media\/214598"}],"wp:attachment":[{"href":"https:\/\/diarioregionaldigital.com.br\/index.php?rest_route=%2Fwp%2Fv2%2Fmedia&parent=214597"}],"wp:term":[{"taxonomy":"category","embeddable":true,"href":"https:\/\/diarioregionaldigital.com.br\/index.php?rest_route=%2Fwp%2Fv2%2Fcategories&post=214597"},{"taxonomy":"post_tag","embeddable":true,"href":"https:\/\/diarioregionaldigital.com.br\/index.php?rest_route=%2Fwp%2Fv2%2Ftags&post=214597"}],"curies":[{"name":"wp","href":"https:\/\/api.w.org\/{rel}","templated":true}]}}