{"id":214591,"date":"2023-06-06T15:49:22","date_gmt":"2023-06-06T18:49:22","guid":{"rendered":"https:\/\/diarioregionaldigital.com.br\/?p=214591"},"modified":"2023-06-06T15:49:22","modified_gmt":"2023-06-06T18:49:22","slug":"cpmi-do-golpe-quer-ouvir-braga-netto-augusto-heleno-e-anderson-torres","status":"publish","type":"post","link":"https:\/\/diarioregionaldigital.com.br\/?p=214591","title":{"rendered":"CPMI do Golpe quer ouvir Braga Netto, Augusto Heleno e Anderson Torres"},"content":{"rendered":"<p>Al\u00e9m de apresentar o\u00a0<a href=\"https:\/\/agenciabrasil.ebc.com.br\/politica\/noticia\/2023-06\/cpmi-do-golpe-deve-abrir-trabalhos-com-acao-da-prf-no-segundo-turno\" target=\"_blank\" rel=\"noopener\">plano de trabalho sobre as investiga\u00e7\u00f5es da Comiss\u00e3o Parlamentar Mista de Inqu\u00e9rito (CPMI) do Golpe<\/a>\u00a0nesta ter\u00e7a-feira (6), a relatora da comiss\u00e3o, senadora Eliziane Gama (PSD-MA), anexou ao documento 62 requerimentos, dentre eles pedidos para ouvir testemunhas e solicita\u00e7\u00e3o de informa\u00e7\u00f5es a \u00f3rg\u00e3os p\u00fablicos respons\u00e1veis pela seguran\u00e7a ou pela investiga\u00e7\u00e3o sobre os atos de 8 de janeiro. \u00a0<img decoding=\"async\" src=\"https:\/\/agenciabrasil.ebc.com.br\/ebc.png?id=1537170&amp;o=node\" \/><img decoding=\"async\" src=\"https:\/\/agenciabrasil.ebc.com.br\/ebc.gif?id=1537170&amp;o=node\" \/><\/p>\n<p>Todos os requerimentos precisam ser aprovados pela maioria da CPMI. A vota\u00e7\u00e3o dos requerimentos foi marcada para a pr\u00f3xima ter\u00e7a-feira, dia 13 de junho.<\/p>\n<p>Entre os pedidos, est\u00e1 a solicita\u00e7\u00e3o para ouvir, como testemunha, o ex-ministro da Defesa do governo Bolsonaro, general do Ex\u00e9rcito Walter Braga Netto. Segundo o requerimento, \u201cWalter Braga Netto poder\u00e1 trazer informa\u00e7\u00f5es de enorme valia para a condu\u00e7\u00e3o dos nossos futuros trabalhos\u201d.<\/p>\n<p>A relatora quer ouvir tamb\u00e9m Anderson Torres. Ele foi ministro da Justi\u00e7a de Bolsonaro e, no dia da invas\u00e3o \u00e0s sedes dos Tr\u00eas Poderes em Bras\u00edlia, era o titular da Secretaria de Seguran\u00e7a P\u00fablica do Distrito Federal (SSP-DF).<\/p>\n<p>Outra testemunha listada \u00e9 o ent\u00e3o ajudante de ordens do ex-presidente, o tenente-coronel Mauro Cesar Barbosa Cid. \u201cSuas manifesta\u00e7\u00f5es em di\u00e1logos j\u00e1 divulgados sugerem eventual envolvimento em escala at\u00e9 maior do que a inicialmente apontada\u201d, indica o pedido da relatora.<\/p>\n<p>Outros requerimentos pedem a inquiri\u00e7\u00e3o como testemunhas do ex-chefe do Gabinete de Seguran\u00e7a Institucional (GSI) do governo Bolsonaro, general Augusto Heleno; e do ent\u00e3o chefe do GSI durante no dia 8 de janeiro, Marco Edson Gon\u00e7alves Dias, j\u00e1 nomeado pelo atual governo.<\/p>\n<p>Outros nomes apontados como fundamentais pela relatora s\u00e3o o ministro da Justi\u00e7a e Seguran\u00e7a P\u00fablica, Fl\u00e1vio Dino, e o interventor na seguran\u00e7a p\u00fablica do DF, Ricardo Cappelli.<\/p>\n<p>A relatora Eliziane Gama solicita, ao todo, a oitiva de 32 pessoas. Entre elas, h\u00e1 empres\u00e1rios investigados por financiar os atos golpistas, agentes p\u00fablicos da Pol\u00edcia Militar e da Pol\u00edcia Civil do Distrito Federal, do Comando Militar do Planalto, da Pol\u00edcia Rodovi\u00e1ria Federal (PRF), da Pol\u00edcia Federal, al\u00e9m dos presos acusados pela tentativa de colocar uma bomba pr\u00f3xima ao Aeroporto de Bras\u00edlia.<\/p>\n<p>Fora os requerimentos apresentados pela relatora, outros 230 pedidos de oitivas e informa\u00e7\u00f5es estavam na pauta da CPMI apresentados pelos integrantes da comiss\u00e3o. Todos eles devem ser analisados na pr\u00f3xima semana.<\/p>\n<h2>Sigilo de relat\u00f3rios<\/h2>\n<p>Entre os requerimentos apresentados pela relatora est\u00e1 o pedido para que os relat\u00f3rios de intelig\u00eancia da Ag\u00eancia Brasileira de Intelig\u00eancia (Abin) sejam reclassificados de sigilosos para p\u00fablicos.<\/p>\n<p>\u00c9 pedida a reclassifica\u00e7\u00e3o de todos os relat\u00f3rios \u201cdesde dezembro de 2022, que contenham os alertas e as an\u00e1lises dos riscos relacionados \u00e0s invas\u00f5es e \u00e0s depreda\u00e7\u00f5es de pr\u00e9dios p\u00fablicos\u201d. Segundo a senadora, \u201cap\u00f3s a imprensa noticiar que h\u00e1 suspeitas de adultera\u00e7\u00f5es e de omiss\u00e3o de informa\u00e7\u00f5es relevantes nos relat\u00f3rios (&#8230;) encaminhados ao Congresso Nacional pelo ex-ministro chefe do SGI, Gon\u00e7alves Dias, torna-se ainda mais patente a necessidade de serem tornados p\u00fablicos os documentos\u201d.<\/p>\n<p>Eliziane Gama pede ainda informa\u00e7\u00f5es sobre os atos golpistas a diferentes inst\u00e2ncias, entre elas, a CPI da C\u00e2mara Legislativa do Distrito Federal, que tem investigado os atos golpistas e a Pol\u00edcia Militar do DF, incluindo os inqu\u00e9ritos da PMDF para apurar a conduta e omiss\u00f5es dos comandantes e demais agentes no dia da invas\u00e3o e depreda\u00e7\u00e3o das sedes dos Tr\u00eas Poderes e os dados sobre o total de tropas mobilizadas na Esplanada naquele dia.<\/p>\n<p><span style=\"font-weight: 400;\">Fonte: Ag\u00eancia Brasil <\/span><\/p>\n","protected":false},"excerpt":{"rendered":"<p>Al\u00e9m de apresentar o\u00a0plano de trabalho sobre as investiga\u00e7\u00f5es da Comiss\u00e3o Parlamentar Mista de Inqu\u00e9rito (CPMI) do Golpe\u00a0nesta ter\u00e7a-feira (6), a relatora da comiss\u00e3o, senadora Eliziane Gama (PSD-MA), anexou ao documento 62 requerimentos, dentre eles pedidos para ouvir testemunhas e solicita\u00e7\u00e3o de informa\u00e7\u00f5es a \u00f3rg\u00e3os p\u00fablicos respons\u00e1veis pela seguran\u00e7a ou pela investiga\u00e7\u00e3o sobre os atos [&hellip;]<\/p>\n","protected":false},"author":246,"featured_media":214592,"comment_status":"closed","ping_status":"closed","sticky":false,"template":"","format":"standard","meta":{"footnotes":""},"categories":[436,254,439],"tags":[],"class_list":["post-214591","post","type-post","status-publish","format-standard","has-post-thumbnail","hentry","category-destaque-da-semana","category-politica","category-ultima-hora"],"_links":{"self":[{"href":"https:\/\/diarioregionaldigital.com.br\/index.php?rest_route=\/wp\/v2\/posts\/214591","targetHints":{"allow":["GET"]}}],"collection":[{"href":"https:\/\/diarioregionaldigital.com.br\/index.php?rest_route=\/wp\/v2\/posts"}],"about":[{"href":"https:\/\/diarioregionaldigital.com.br\/index.php?rest_route=\/wp\/v2\/types\/post"}],"author":[{"embeddable":true,"href":"https:\/\/diarioregionaldigital.com.br\/index.php?rest_route=\/wp\/v2\/users\/246"}],"replies":[{"embeddable":true,"href":"https:\/\/diarioregionaldigital.com.br\/index.php?rest_route=%2Fwp%2Fv2%2Fcomments&post=214591"}],"version-history":[{"count":1,"href":"https:\/\/diarioregionaldigital.com.br\/index.php?rest_route=\/wp\/v2\/posts\/214591\/revisions"}],"predecessor-version":[{"id":214593,"href":"https:\/\/diarioregionaldigital.com.br\/index.php?rest_route=\/wp\/v2\/posts\/214591\/revisions\/214593"}],"wp:featuredmedia":[{"embeddable":true,"href":"https:\/\/diarioregionaldigital.com.br\/index.php?rest_route=\/wp\/v2\/media\/214592"}],"wp:attachment":[{"href":"https:\/\/diarioregionaldigital.com.br\/index.php?rest_route=%2Fwp%2Fv2%2Fmedia&parent=214591"}],"wp:term":[{"taxonomy":"category","embeddable":true,"href":"https:\/\/diarioregionaldigital.com.br\/index.php?rest_route=%2Fwp%2Fv2%2Fcategories&post=214591"},{"taxonomy":"post_tag","embeddable":true,"href":"https:\/\/diarioregionaldigital.com.br\/index.php?rest_route=%2Fwp%2Fv2%2Ftags&post=214591"}],"curies":[{"name":"wp","href":"https:\/\/api.w.org\/{rel}","templated":true}]}}