{"id":214588,"date":"2023-06-06T15:47:45","date_gmt":"2023-06-06T18:47:45","guid":{"rendered":"https:\/\/diarioregionaldigital.com.br\/?p=214588"},"modified":"2023-06-06T15:47:45","modified_gmt":"2023-06-06T18:47:45","slug":"stj-autoriza-paciente-a-cultivar-cannabis-para-fins-medicinais","status":"publish","type":"post","link":"https:\/\/diarioregionaldigital.com.br\/?p=214588","title":{"rendered":"STJ autoriza paciente a cultivar cannabis para fins medicinais"},"content":{"rendered":"<p>O ministro Rog\u00e9rio Schietti Cruz, do Superior Tribunal de Justi\u00e7a (STJ), autorizou um paciente com ansiedade generalizada a cultivar, em casa, plantas de\u00a0<em>cannabis\u00a0<\/em>(maconha) para fins medicinais. A decis\u00e3o foi publicada no dia 19 de maio.<img decoding=\"async\" src=\"https:\/\/agenciabrasil.ebc.com.br\/ebc.png?id=1537040&amp;o=node\" \/><img decoding=\"async\" src=\"https:\/\/agenciabrasil.ebc.com.br\/ebc.gif?id=1537040&amp;o=node\" \/><\/p>\n<p>A autoriza\u00e7\u00e3o foi concedida ap\u00f3s a Justi\u00e7a do Paran\u00e1 rejeitar salvo conduto para evitar eventual pris\u00e3o em flagrante. No processo, o paciente alegou que necessita do \u00f3leo de\u00a0<em>cannabis<\/em>, flores in natura e extratos da planta para seguir o tratamento contra ansiedade, que provoca dores de est\u00f4mago e dist\u00farbios do sono.<\/p>\n<p>Ao decidir a quest\u00e3o, o ministro citou outras liminares recentes proferidas pelo tribunal e autorizou o paciente a cultivar 354 plantas, conforme prescri\u00e7\u00e3o m\u00e9dica e laudo de engenheiro agr\u00f4nomo, sem sofrer qualquer medida criminal.<\/p>\n<p>\u201cFica vedada a comercializa\u00e7\u00e3o, doa\u00e7\u00e3o ou transfer\u00eancia a terceiros da mat\u00e9ria-prima ou dos compostos derivados da erva\u201d, ressalvou o ministro.<\/p>\n<p>Em\u00a0<a href=\"http:\/\/https\/\/agenciabrasil.ebc.com.br\/justica\/noticia\/2023-05\/stj-decide-que-paciente-tem-direito-receber-canabidiol-da-uniao\" target=\"_blank\" rel=\"noopener\">outra decis\u00e3o recente<\/a>\u00a0envolvendo o tema, o STJ decidiu que a Uni\u00e3o e o estado de Pernambuco devem fornecer medicamento \u00e0 base de canabidiol \u00e0 paciente com condi\u00e7\u00e3o espec\u00edfica de sa\u00fade.<\/p>\n<p><span style=\"font-weight: 400;\"><br \/>\n<\/span><span style=\"font-weight: 400;\">Fonte: Ag\u00eancia Brasil <\/span><\/p>\n","protected":false},"excerpt":{"rendered":"<p>O ministro Rog\u00e9rio Schietti Cruz, do Superior Tribunal de Justi\u00e7a (STJ), autorizou um paciente com ansiedade generalizada a cultivar, em casa, plantas de\u00a0cannabis\u00a0(maconha) para fins medicinais. A decis\u00e3o foi publicada no dia 19 de maio. A autoriza\u00e7\u00e3o foi concedida ap\u00f3s a Justi\u00e7a do Paran\u00e1 rejeitar salvo conduto para evitar eventual pris\u00e3o em flagrante. No processo, [&hellip;]<\/p>\n","protected":false},"author":246,"featured_media":214589,"comment_status":"closed","ping_status":"closed","sticky":false,"template":"","format":"standard","meta":{"footnotes":""},"categories":[436,254,439],"tags":[],"class_list":["post-214588","post","type-post","status-publish","format-standard","has-post-thumbnail","hentry","category-destaque-da-semana","category-politica","category-ultima-hora"],"_links":{"self":[{"href":"https:\/\/diarioregionaldigital.com.br\/index.php?rest_route=\/wp\/v2\/posts\/214588","targetHints":{"allow":["GET"]}}],"collection":[{"href":"https:\/\/diarioregionaldigital.com.br\/index.php?rest_route=\/wp\/v2\/posts"}],"about":[{"href":"https:\/\/diarioregionaldigital.com.br\/index.php?rest_route=\/wp\/v2\/types\/post"}],"author":[{"embeddable":true,"href":"https:\/\/diarioregionaldigital.com.br\/index.php?rest_route=\/wp\/v2\/users\/246"}],"replies":[{"embeddable":true,"href":"https:\/\/diarioregionaldigital.com.br\/index.php?rest_route=%2Fwp%2Fv2%2Fcomments&post=214588"}],"version-history":[{"count":1,"href":"https:\/\/diarioregionaldigital.com.br\/index.php?rest_route=\/wp\/v2\/posts\/214588\/revisions"}],"predecessor-version":[{"id":214590,"href":"https:\/\/diarioregionaldigital.com.br\/index.php?rest_route=\/wp\/v2\/posts\/214588\/revisions\/214590"}],"wp:featuredmedia":[{"embeddable":true,"href":"https:\/\/diarioregionaldigital.com.br\/index.php?rest_route=\/wp\/v2\/media\/214589"}],"wp:attachment":[{"href":"https:\/\/diarioregionaldigital.com.br\/index.php?rest_route=%2Fwp%2Fv2%2Fmedia&parent=214588"}],"wp:term":[{"taxonomy":"category","embeddable":true,"href":"https:\/\/diarioregionaldigital.com.br\/index.php?rest_route=%2Fwp%2Fv2%2Fcategories&post=214588"},{"taxonomy":"post_tag","embeddable":true,"href":"https:\/\/diarioregionaldigital.com.br\/index.php?rest_route=%2Fwp%2Fv2%2Ftags&post=214588"}],"curies":[{"name":"wp","href":"https:\/\/api.w.org\/{rel}","templated":true}]}}