{"id":214581,"date":"2023-06-06T14:20:46","date_gmt":"2023-06-06T17:20:46","guid":{"rendered":"https:\/\/diarioregionaldigital.com.br\/?p=214581"},"modified":"2023-06-06T14:20:46","modified_gmt":"2023-06-06T17:20:46","slug":"dez-anos-apos-protestos-prefeitura-de-sp-estuda-adocao-de-passe-livre","status":"publish","type":"post","link":"https:\/\/diarioregionaldigital.com.br\/?p=214581","title":{"rendered":"Dez anos ap\u00f3s protestos, prefeitura de SP estuda ado\u00e7\u00e3o de passe livre"},"content":{"rendered":"<p>Dez anos ap\u00f3s o in\u00edcio dos grandes protestos de 2013 contra o aumento da tarifa do transporte coletivo p\u00fablico na capital paulista, a prefeitura de S\u00e3o Paulo estuda a ado\u00e7\u00e3o do passe livre na cidade. O projeto \u201cTarifa Zero\u201d est\u00e1 sendo desenvolvido pela S\u00e3o Paulo Transporte (SPTrans), empresa p\u00fablica que faz a gest\u00e3o do transporte no munic\u00edpio.<img decoding=\"async\" src=\"https:\/\/agenciabrasil.ebc.com.br\/ebc.png?id=1537047&amp;o=node\" \/><img decoding=\"async\" src=\"https:\/\/agenciabrasil.ebc.com.br\/ebc.gif?id=1537047&amp;o=node\" \/><\/p>\n<p>A prefeitura e a empresa informam que o estudo ainda n\u00e3o est\u00e1 pronto, mas que j\u00e1 foram recebidas 37 manifesta\u00e7\u00f5es da sociedade civil relativas ao projeto. \u201cA SPTrans ir\u00e1 analisar e considerar todas as manifesta\u00e7\u00f5es recebidas neste chamamento e incorporar o que couber aos estudos em andamento\u201d, disse, em nota, a prefeitura.<\/p>\n<p>Presidente da subcomiss\u00e3o da\u00a0Tarifa Zero na C\u00e2mara dos Vereadores de S\u00e3o Paulo, o vereador Paulo Frange (PSB) afirma que a inten\u00e7\u00e3o da administra\u00e7\u00e3o municipal \u00e9 implementar gradativamente o passe livre, iniciando, por exemplo, pelas pessoas do Cadastro \u00danico (Cad\u00danico) &#8211; base de dados do governo federal que serve para identificar e conhecer as pessoas e fam\u00edlias mais vulner\u00e1veis.<\/p>\n<p>\u201cEstamos acreditando que a gradualidade\u00a0\u00e9 poss\u00edvel. S\u00e3o Paulo tem sa\u00fade financeira para isso neste momento\u201d, destaca. Segundo ele, o financiamento do sistema n\u00e3o ser\u00e1 feito com aumento ou a cria\u00e7\u00e3o de taxas ou contribui\u00e7\u00f5es.<\/p>\n<p>\u201cTemos que fazer nossa engenharia econ\u00f4mica dentro dos ajustes nossos, mesmo que demore um pouco mais. Mas n\u00e3o temos como criar mais nada que possa aumentar a receita com tributa\u00e7\u00e3o maior. N\u00e3o passa pela proposta do governo municipal e tamb\u00e9m n\u00e3o passa pela C\u00e2mara esse tipo de pensamento\u201d.<\/p>\n<div class=\"dnd-widget-wrapper context-cheio_8colunas type-image\">\n<div class=\"dnd-atom-rendered\">\n<div class=\"shadow overflow-hidden rounded-lg d-block zoom-on-hover-sm shadow-hover w-100\"><img decoding=\"async\" class=\"flex-fill img-cover\" title=\"Rovena Rosa\/Ag\u00eancia Brasil\" src=\"https:\/\/imagens.ebc.com.br\/-Rt27zNVuIceaZohHzJUo_SoT4s=\/754x0\/smart\/https:\/\/agenciabrasil.ebc.com.br\/sites\/default\/files\/thumbnails\/image\/rovena_rosa_19_0.jpg?itok=TQL15KWN\" alt=\"02\/06\/2023 - S\u00e3o Paulo (SP), 08\/01\/2016 - Manifesta\u00e7\u00e3o do Movimento Passe Livre contra o aumento da tarifa do transporte p\u00fablico no Vale do Anhangaba\u00fa. Foto: Rovena Rosa\/Ag\u00eancia Brasil\" \/><\/div>\n<\/div>\n<div class=\"dnd-caption-wrapper\">\n<div class=\"meta\">02\/06\/2023 &#8211; S\u00e3o Paulo (SP), 08\/01\/2016 &#8211; Manifesta\u00e7\u00e3o do Movimento Passe Livre contra o aumento da tarifa do transporte p\u00fablico no Vale do Anhangaba\u00fa. Foto: Rovena Rosa\/Ag\u00eancia Brasil &#8211;\u00a0<strong>Rovena Rosa\/Ag\u00eancia Brasil<\/strong><\/div>\n<\/div>\n<\/div>\n<p>O transporte coletivo p\u00fablico da capital paulista custa cerca de R$ 12 bilh\u00f5es por ano. Aproximadamente metade disso \u00e9 paga\u00a0pelos cofres da administra\u00e7\u00e3o municipal. A outra metade \u00e9 bancada pelos usu\u00e1rios do sistema que compram passagem. \u00c9 essa quantia, de cerca de R$ 6 bilh\u00f5es por ano, que precisaria ser financiada para o passe livre ser poss\u00edvel.<\/p>\n<p>De acordo com Frange, entre as propostas de financiamento est\u00e1 a utiliza\u00e7\u00e3o dos recursos do vale transporte, que renderiam \u00e0 prefeitura R$ 2,8 bilh\u00f5es por ano. Para isso, no entanto, seria necess\u00e1rio alterar a legisla\u00e7\u00e3o federal.<\/p>\n<p>\u201cN\u00f3s ter\u00edamos que encontrar amparo na legisla\u00e7\u00e3o federal para que os recursos do vale transporte &#8211; aquilo que as empresas hoje patrocinam para seus funcion\u00e1rios \u2013 viessem para os cofres do munic\u00edpio e n\u00e3o direto no sal\u00e1rio de cada um. J\u00e1 seriam mais 2,8 bilh\u00f5es para fechar essa conta\u201d.<\/p>\n<p>O presidente da subcomiss\u00e3o cita\u00a0ainda a possibilidade de novos recursos gerados pela\u00a0explora\u00e7\u00e3o de publicidade nos vidros e lataria dos cerca de 13 mil \u00f4nibus do munic\u00edpio de S\u00e3o Paulo. \u201cN\u00f3s temos 13 mil \u00f4nibus e, com certeza, haver\u00e1 aumento desse n\u00famero porque vamos tamb\u00e9m ter que atender a uma demanda maior [com o passe livre]. N\u00e3o sabemos qual percentual a mais, mas seriam cerca de 15 mil pain\u00e9is publicit\u00e1rios circulando na pr\u00f3pria cidade\u201d, ressalta.<\/p>\n<p>Outra proposta destacada por Frange \u00e9 a de o munic\u00edpio ficar com os valores da Cide-combust\u00edveis (Contribui\u00e7\u00e3o de interven\u00e7\u00e3o no dom\u00ednio econ\u00f4mico incidente sobre as opera\u00e7\u00f5es realizadas com combust\u00edveis) e n\u00e3o os repassar ao governo federal, como ocorre hoje.<\/p>\n<p>\u201cO que estamos esperando \u00e9 que os recursos da Cide, eventualmente, possam\u00a0ficar na cidade, e n\u00e3o sejam\u00a0transferidos para o governo federal, para depois retornar s\u00f3 uma parcela para o munic\u00edpio. Se a contribui\u00e7\u00e3o aqui cobrada ficar no munic\u00edpio seria outra fonte de renda que ajudaria a subsidiar e a fechar essa conta\u201d.<\/p>\n<div class=\"dnd-widget-wrapper context-cheio_8colunas type-image\">\n<div class=\"dnd-atom-rendered\">\n<div class=\"shadow overflow-hidden rounded-lg d-block zoom-on-hover-sm shadow-hover w-100\"><img decoding=\"async\" class=\"flex-fill img-cover\" title=\"Rovena Rosa\/Ag\u00eancia Brasil\" src=\"https:\/\/imagens.ebc.com.br\/FNkuBAGt4P8ZlUY6QOxzpponceo=\/754x0\/smart\/https:\/\/agenciabrasil.ebc.com.br\/sites\/default\/files\/thumbnails\/image\/rovena_rosa_02_0.jpg?itok=PQjqazJ2\" alt=\"02\/06\/2023 - S\u00e3o Paulo (SP), 08\/01\/2016 - Concentra\u00e7\u00e3o da manifesta\u00e7\u00e3o do Movimento Passe Livre contra o aumento da tarifa do transporte p\u00fablico na pra\u00e7a Ramos de Azevedo. Foto: Rovena Rosa\/Ag\u00eancia Brasil\" \/><\/div>\n<\/div>\n<div class=\"dnd-caption-wrapper\">\n<div class=\"meta\">02\/06\/2023 &#8211; S\u00e3o Paulo (SP), 08\/01\/2016 &#8211; Concentra\u00e7\u00e3o da manifesta\u00e7\u00e3o do Movimento Passe Livre contra o aumento da tarifa do transporte p\u00fablico na pra\u00e7a Ramos de Azevedo. Foto: Rovena Rosa\/Ag\u00eancia Brasil &#8211;\u00a0<strong>Rovena Rosa\/Ag\u00eancia Brasil<\/strong><\/div>\n<\/div>\n<\/div>\n<h2>Passe Livre para Cad\u00danico<\/h2>\n<p>Nesta ter\u00e7a-feira (5) a subcomiss\u00e3o da Tarifa Zero da C\u00e2mara dos Vereadores de S\u00e3o Paulo apresentar\u00e1 um projeto de lei (PL) para que as pessoas inclu\u00eddas no Cad\u00danico passem a n\u00e3o pagar o transporte coletivo p\u00fablico na cidade. O benef\u00edcio tamb\u00e9m poder\u00e1 ser estendido aos desempregados que n\u00e3o estejam no cadastro.<\/p>\n<p>\u201cQuem est\u00e1 no Cad\u00danico est\u00e1 procurando emprego e a pessoa que\u00a0procura\u00a0emprego n\u00e3o tem condi\u00e7\u00e3o financeira de se transportar de um lugar para outro. Assim como as pessoas que n\u00e3o est\u00e3o escritas no Cad\u00danico\u00a0mas est\u00e3o desempregadas, elas t\u00eam na tarifa um obst\u00e1culo, para\u00a0fazer entrevista, exame m\u00e9dico. Ser\u00e1 um primeiro passo interessante [o passe livre] para quem est\u00e1 no programa\u00a0e para as pessoas que est\u00e3o hoje desempregadas\u201d, destaca o presidente da subcomiss\u00e3o.<\/p>\n<p><span style=\"font-weight: 400;\">Fonte: Ag\u00eancia Brasil<\/span><\/p>\n","protected":false},"excerpt":{"rendered":"<p>Dez anos ap\u00f3s o in\u00edcio dos grandes protestos de 2013 contra o aumento da tarifa do transporte coletivo p\u00fablico na capital paulista, a prefeitura de S\u00e3o Paulo estuda a ado\u00e7\u00e3o do passe livre na cidade. O projeto \u201cTarifa Zero\u201d est\u00e1 sendo desenvolvido pela S\u00e3o Paulo Transporte (SPTrans), empresa p\u00fablica que faz a gest\u00e3o do transporte [&hellip;]<\/p>\n","protected":false},"author":246,"featured_media":214582,"comment_status":"closed","ping_status":"closed","sticky":false,"template":"","format":"standard","meta":{"footnotes":""},"categories":[436,261,439],"tags":[],"class_list":["post-214581","post","type-post","status-publish","format-standard","has-post-thumbnail","hentry","category-destaque-da-semana","category-economia","category-ultima-hora"],"_links":{"self":[{"href":"https:\/\/diarioregionaldigital.com.br\/index.php?rest_route=\/wp\/v2\/posts\/214581","targetHints":{"allow":["GET"]}}],"collection":[{"href":"https:\/\/diarioregionaldigital.com.br\/index.php?rest_route=\/wp\/v2\/posts"}],"about":[{"href":"https:\/\/diarioregionaldigital.com.br\/index.php?rest_route=\/wp\/v2\/types\/post"}],"author":[{"embeddable":true,"href":"https:\/\/diarioregionaldigital.com.br\/index.php?rest_route=\/wp\/v2\/users\/246"}],"replies":[{"embeddable":true,"href":"https:\/\/diarioregionaldigital.com.br\/index.php?rest_route=%2Fwp%2Fv2%2Fcomments&post=214581"}],"version-history":[{"count":1,"href":"https:\/\/diarioregionaldigital.com.br\/index.php?rest_route=\/wp\/v2\/posts\/214581\/revisions"}],"predecessor-version":[{"id":214583,"href":"https:\/\/diarioregionaldigital.com.br\/index.php?rest_route=\/wp\/v2\/posts\/214581\/revisions\/214583"}],"wp:featuredmedia":[{"embeddable":true,"href":"https:\/\/diarioregionaldigital.com.br\/index.php?rest_route=\/wp\/v2\/media\/214582"}],"wp:attachment":[{"href":"https:\/\/diarioregionaldigital.com.br\/index.php?rest_route=%2Fwp%2Fv2%2Fmedia&parent=214581"}],"wp:term":[{"taxonomy":"category","embeddable":true,"href":"https:\/\/diarioregionaldigital.com.br\/index.php?rest_route=%2Fwp%2Fv2%2Fcategories&post=214581"},{"taxonomy":"post_tag","embeddable":true,"href":"https:\/\/diarioregionaldigital.com.br\/index.php?rest_route=%2Fwp%2Fv2%2Ftags&post=214581"}],"curies":[{"name":"wp","href":"https:\/\/api.w.org\/{rel}","templated":true}]}}