{"id":214573,"date":"2023-06-04T05:29:31","date_gmt":"2023-06-04T08:29:31","guid":{"rendered":"https:\/\/diarioregionaldigital.com.br\/?p=214573"},"modified":"2023-06-04T05:29:31","modified_gmt":"2023-06-04T08:29:31","slug":"todos-somos-vinicius-jr","status":"publish","type":"post","link":"https:\/\/diarioregionaldigital.com.br\/?p=214573","title":{"rendered":"Todos somos Vin\u00edcius Jr."},"content":{"rendered":"<p>As sucessivas agress\u00f5es verbais sofridas pelo jogador Vin\u00edcius Jr., na Espanha, incomodam tamb\u00e9m aqui no Brasil. J\u00e1 s\u00e3o 10 fatos registrados, em que o atleta do Real Madrid \u00e9 chamado de \u201cmacaco\u201d, fato, ali\u00e1s, que tem longa vida, na Espanha, pois vem desde os tempos do lateral Roberto Carlos, da nossa sele\u00e7\u00e3o, que era chamado de \u201cChimpanz\u00e9\u201d por alguns torcedores.<\/p>\n<p>Trata-se de um claro crime de \u00f3dio. Infelizmente, nunca foram tomadas as devidas provid\u00eancias para coibir o abuso. Sabe-se que 15% dos jovens espanh\u00f3is \u00a0t\u00eam a propens\u00e3o de serem racistas, o que \u00e9 um n\u00famero inconceb\u00edvel. N\u00e3o se trata s\u00f3 de fazer os clubes perderem os seus pontos nos jogos dessas ocorr\u00eancias, mas uma boa medida, sem d\u00favida, seria avan\u00e7ar nos patrocinadores. O que d\u00f3i no bolso certamente faria muito mais efeito.<\/p>\n<p>Louve-se o comportamento do craque Vinic\u00edus Jr. Ele foi muito elogiado na confer\u00eancia do Ministro S\u00edlvio Almeida na Academia Brasileira de Letras. Professor, advogado, fil\u00f3sofo, o ex-aluno da Universidade Mackenzie de S\u00e3o Paulo, com mestrado e doutorado na USP, o Ministro dos Direitos Humanos e da Cidadania n\u00e3o se furtou a comentar o que est\u00e1 acontecendo, clamando por medidas objetivas para atender a esse clamor universal. \u00c9 de todo lado que surgem protestos.<\/p>\n<p>Deseja-se afirmar que o futebol espanhol n\u00e3o \u00e9 racista, mas na pr\u00e1tica esse crime est\u00e1 sendo cometido de maneira crescente. \u00c9 claro que a\u00ed existe tamb\u00e9m uma evidente defici\u00eancia dos meios de educa\u00e7\u00e3o \u2013 e isso precisa ser corrigido.<\/p>\n<p>Lembramos nossos tempos de estudante do Col\u00e9gio Vera Cruz, na Tijuca, quando ganhamos o apelido de \u201cAlem\u00e3o\u201d. Isso porque ficava muito vermelho quando corria, nos nossos jogos de futebol. E tamb\u00e9m porque era uma forma de \u201cbullying\u201d, que combatia chamando os seus autores para brigas na rua. Apanhava, mas tamb\u00e9m batia, \u00a0como \u00e9 natural que ocorresse nos meus verdejantes 10 ou 11 anos de vida. Chegava \u00a0em casa marcado, mas com um sorriso de vit\u00f3ria.<\/p>\n<p>O Ministro S\u00edlvio Almeida nos disse que esse \u00f3dio racial est\u00e1 se generalizando na Europa. \u201c\u00c9 preciso reagir\u201d, afirmou ele, muito aplaudido pelos imortais. \u201cAgressores e conviventes devem ser chamados \u00e0 responsabilidade, para que isso n\u00e3o se torne esse h\u00e1bito.\u201d \u2013 concluiu o elogiado Ministro.<\/p>\n","protected":false},"excerpt":{"rendered":"<p>As sucessivas agress\u00f5es verbais sofridas pelo jogador Vin\u00edcius Jr., na Espanha, incomodam tamb\u00e9m aqui no Brasil. J\u00e1 s\u00e3o 10 fatos registrados, em que o atleta do Real Madrid \u00e9 chamado de \u201cmacaco\u201d, fato, ali\u00e1s, que tem longa vida, na Espanha, pois vem desde os tempos do lateral Roberto Carlos, da nossa sele\u00e7\u00e3o, que era chamado [&hellip;]<\/p>\n","protected":false},"author":96,"featured_media":0,"comment_status":"closed","ping_status":"closed","sticky":false,"template":"","format":"standard","meta":{"footnotes":""},"categories":[275],"tags":[],"class_list":["post-214573","post","type-post","status-publish","format-standard","hentry","category-arnaldo-niskier"],"_links":{"self":[{"href":"https:\/\/diarioregionaldigital.com.br\/index.php?rest_route=\/wp\/v2\/posts\/214573","targetHints":{"allow":["GET"]}}],"collection":[{"href":"https:\/\/diarioregionaldigital.com.br\/index.php?rest_route=\/wp\/v2\/posts"}],"about":[{"href":"https:\/\/diarioregionaldigital.com.br\/index.php?rest_route=\/wp\/v2\/types\/post"}],"author":[{"embeddable":true,"href":"https:\/\/diarioregionaldigital.com.br\/index.php?rest_route=\/wp\/v2\/users\/96"}],"replies":[{"embeddable":true,"href":"https:\/\/diarioregionaldigital.com.br\/index.php?rest_route=%2Fwp%2Fv2%2Fcomments&post=214573"}],"version-history":[{"count":1,"href":"https:\/\/diarioregionaldigital.com.br\/index.php?rest_route=\/wp\/v2\/posts\/214573\/revisions"}],"predecessor-version":[{"id":214574,"href":"https:\/\/diarioregionaldigital.com.br\/index.php?rest_route=\/wp\/v2\/posts\/214573\/revisions\/214574"}],"wp:attachment":[{"href":"https:\/\/diarioregionaldigital.com.br\/index.php?rest_route=%2Fwp%2Fv2%2Fmedia&parent=214573"}],"wp:term":[{"taxonomy":"category","embeddable":true,"href":"https:\/\/diarioregionaldigital.com.br\/index.php?rest_route=%2Fwp%2Fv2%2Fcategories&post=214573"},{"taxonomy":"post_tag","embeddable":true,"href":"https:\/\/diarioregionaldigital.com.br\/index.php?rest_route=%2Fwp%2Fv2%2Ftags&post=214573"}],"curies":[{"name":"wp","href":"https:\/\/api.w.org\/{rel}","templated":true}]}}