{"id":214542,"date":"2023-06-02T12:08:46","date_gmt":"2023-06-02T15:08:46","guid":{"rendered":"https:\/\/diarioregionaldigital.com.br\/?p=214542"},"modified":"2023-06-02T12:08:46","modified_gmt":"2023-06-02T15:08:46","slug":"decreto-preve-pagamento-de-extra-do-auxilio-gas-ate-o-fim-de-2023","status":"publish","type":"post","link":"https:\/\/diarioregionaldigital.com.br\/?p=214542","title":{"rendered":"Decreto prev\u00ea pagamento de extra do aux\u00edlio g\u00e1s at\u00e9 o fim de 2023"},"content":{"rendered":"<p>O presidente Luiz In\u00e1cio Lula da Silva\u00a0<a href=\"https:\/\/www.in.gov.br\/en\/web\/dou\/-\/decreto-n-11.541-de-1-de-junho-de-2023-487536619\" target=\"_blank\" rel=\"noopener\">editou\u00a0decreto<\/a>\u00a0na noite desta quinta-feira (1\u00ba) que garante o pagamento de adicional de 50% no aux\u00edlio g\u00e1s at\u00e9 o fim do ano.<img decoding=\"async\" src=\"https:\/\/agenciabrasil.ebc.com.br\/ebc.png?id=1536618&amp;o=node\" \/><img decoding=\"async\" src=\"https:\/\/agenciabrasil.ebc.com.br\/ebc.gif?id=1536618&amp;o=node\" \/><\/p>\n<p>O adicional foi inclu\u00eddo na Medida Provis\u00f3ria que retomou o programa Bolsa Fam\u00edlia, aprovada hoje no Senado.<\/p>\n<p>Desde janeiro, o governo j\u00e1 tinha previsto o pagamento do valor extra por meio da\u00a0edi\u00e7\u00e3o de uma medida provis\u00f3ria, que entrou em vigor imediatamente.<\/p>\n<p>No entanto, essa medida, para continuar valendo, precisava ser aprovada pela C\u00e2mara e pelo Senado em at\u00e9 120 dias. A MP nem chegou a ser analisada pelo Congresso e perdeu a validade. Por\u00e9m, os parlamentares incorporaram a previs\u00e3o do adicional na MP do Bolsa Fam\u00edlia, que agora vai para san\u00e7\u00e3o do presidente Lula.<\/p>\n<p>O aux\u00edlio g\u00e1s visa ajudar fam\u00edlias de baixa renda na compra de g\u00e1s de cozinha. Com o decreto, cada fam\u00edlia vai receber metade do valor de um botij\u00e3o de 13kg de GLP. Como o aux\u00edlio normal e o adicional s\u00e3o iguais, ou seja metade do valor, as fam\u00edlias ir\u00e3o receber o equivalente \u00e0 m\u00e9dia de um botij\u00e3o. O aux\u00edlio e o adicional ser\u00e3o depositados a cada dois meses.<\/p>\n<p><span style=\"font-weight: 400;\">Fonte: Ag\u00eancia Brasil <\/span><\/p>\n","protected":false},"excerpt":{"rendered":"<p>O presidente Luiz In\u00e1cio Lula da Silva\u00a0editou\u00a0decreto\u00a0na noite desta quinta-feira (1\u00ba) que garante o pagamento de adicional de 50% no aux\u00edlio g\u00e1s at\u00e9 o fim do ano. O adicional foi inclu\u00eddo na Medida Provis\u00f3ria que retomou o programa Bolsa Fam\u00edlia, aprovada hoje no Senado. Desde janeiro, o governo j\u00e1 tinha previsto o pagamento do valor [&hellip;]<\/p>\n","protected":false},"author":246,"featured_media":214543,"comment_status":"closed","ping_status":"closed","sticky":false,"template":"","format":"standard","meta":{"footnotes":""},"categories":[436,261,439],"tags":[],"class_list":["post-214542","post","type-post","status-publish","format-standard","has-post-thumbnail","hentry","category-destaque-da-semana","category-economia","category-ultima-hora"],"_links":{"self":[{"href":"https:\/\/diarioregionaldigital.com.br\/index.php?rest_route=\/wp\/v2\/posts\/214542","targetHints":{"allow":["GET"]}}],"collection":[{"href":"https:\/\/diarioregionaldigital.com.br\/index.php?rest_route=\/wp\/v2\/posts"}],"about":[{"href":"https:\/\/diarioregionaldigital.com.br\/index.php?rest_route=\/wp\/v2\/types\/post"}],"author":[{"embeddable":true,"href":"https:\/\/diarioregionaldigital.com.br\/index.php?rest_route=\/wp\/v2\/users\/246"}],"replies":[{"embeddable":true,"href":"https:\/\/diarioregionaldigital.com.br\/index.php?rest_route=%2Fwp%2Fv2%2Fcomments&post=214542"}],"version-history":[{"count":1,"href":"https:\/\/diarioregionaldigital.com.br\/index.php?rest_route=\/wp\/v2\/posts\/214542\/revisions"}],"predecessor-version":[{"id":214544,"href":"https:\/\/diarioregionaldigital.com.br\/index.php?rest_route=\/wp\/v2\/posts\/214542\/revisions\/214544"}],"wp:featuredmedia":[{"embeddable":true,"href":"https:\/\/diarioregionaldigital.com.br\/index.php?rest_route=\/wp\/v2\/media\/214543"}],"wp:attachment":[{"href":"https:\/\/diarioregionaldigital.com.br\/index.php?rest_route=%2Fwp%2Fv2%2Fmedia&parent=214542"}],"wp:term":[{"taxonomy":"category","embeddable":true,"href":"https:\/\/diarioregionaldigital.com.br\/index.php?rest_route=%2Fwp%2Fv2%2Fcategories&post=214542"},{"taxonomy":"post_tag","embeddable":true,"href":"https:\/\/diarioregionaldigital.com.br\/index.php?rest_route=%2Fwp%2Fv2%2Ftags&post=214542"}],"curies":[{"name":"wp","href":"https:\/\/api.w.org\/{rel}","templated":true}]}}