{"id":214529,"date":"2023-06-01T20:37:01","date_gmt":"2023-06-01T23:37:01","guid":{"rendered":"https:\/\/diarioregionaldigital.com.br\/?p=214529"},"modified":"2023-06-01T20:37:01","modified_gmt":"2023-06-01T23:37:01","slug":"pcmg-e-pmmg-realizam-operacao-de-combate-ao-trafico-e-homicidios-em-juiz-de-fora","status":"publish","type":"post","link":"https:\/\/diarioregionaldigital.com.br\/?p=214529","title":{"rendered":"PCMG e PMMG realizam opera\u00e7\u00e3o de combate ao tr\u00e1fico e homic\u00eddios em Juiz de Fora"},"content":{"rendered":"<p>A Pol\u00edcia Civil de Minas Gerais (PCMG), com apoio da Pol\u00edcia Militar de Minas Gerais (PMMG), realizou, nesta quinta-feira (1\/6), uma opera\u00e7\u00e3o policial de combate ao tr\u00e1fico de drogas e homic\u00eddios em Juiz de Fora. Tr\u00eas homens foram presos em flagrante.<br \/>\nSegundo a assessoria de imprensa, cerca de 100 policiais entre civis e militares cumpriram mandados de pris\u00e3o e busca e apreens\u00e3o em bairros da Zona Norte da cidade e no bairro Santo Ant\u00f4nio. Dois homens foram presos em flagrante. Um deles, de 20 anos, foi autuado por tr\u00e1fico de drogas, e o outro, de 24 anos, por posse ilegal de arma de fogo.<br \/>\nCom os suspeitos foram apreendidos, um rev\u00f3lver calibre 38, muni\u00e7\u00f5es, r\u00e1dio comunicadores, colete bal\u00edstico, 35 pedras de subst\u00e2ncia an\u00e1loga a crack, 44 pinos de subst\u00e2ncia an\u00e1loga a coca\u00edna, mil reais em moeda corrente, seis aparelhos celulares, armas brancas e documentos com anota\u00e7\u00f5es de tr\u00e1fico.<br \/>\nUm terceiro suspeito, de 25 anos, foi preso em flagrante por manter engaiolados dois p\u00e1ssaros da fauna silvestre.<\/p>\n","protected":false},"excerpt":{"rendered":"<p>A Pol\u00edcia Civil de Minas Gerais (PCMG), com apoio da Pol\u00edcia Militar de Minas Gerais (PMMG), realizou, nesta quinta-feira (1\/6), uma opera\u00e7\u00e3o policial de combate ao tr\u00e1fico de drogas e homic\u00eddios em Juiz de Fora. Tr\u00eas homens foram presos em flagrante. Segundo a assessoria de imprensa, cerca de 100 policiais entre civis e militares cumpriram [&hellip;]<\/p>\n","protected":false},"author":246,"featured_media":214530,"comment_status":"closed","ping_status":"closed","sticky":false,"template":"","format":"standard","meta":{"footnotes":""},"categories":[301,436,439],"tags":[],"class_list":["post-214529","post","type-post","status-publish","format-standard","has-post-thumbnail","hentry","category-artigos-policiais","category-destaque-da-semana","category-ultima-hora"],"_links":{"self":[{"href":"https:\/\/diarioregionaldigital.com.br\/index.php?rest_route=\/wp\/v2\/posts\/214529","targetHints":{"allow":["GET"]}}],"collection":[{"href":"https:\/\/diarioregionaldigital.com.br\/index.php?rest_route=\/wp\/v2\/posts"}],"about":[{"href":"https:\/\/diarioregionaldigital.com.br\/index.php?rest_route=\/wp\/v2\/types\/post"}],"author":[{"embeddable":true,"href":"https:\/\/diarioregionaldigital.com.br\/index.php?rest_route=\/wp\/v2\/users\/246"}],"replies":[{"embeddable":true,"href":"https:\/\/diarioregionaldigital.com.br\/index.php?rest_route=%2Fwp%2Fv2%2Fcomments&post=214529"}],"version-history":[{"count":1,"href":"https:\/\/diarioregionaldigital.com.br\/index.php?rest_route=\/wp\/v2\/posts\/214529\/revisions"}],"predecessor-version":[{"id":214531,"href":"https:\/\/diarioregionaldigital.com.br\/index.php?rest_route=\/wp\/v2\/posts\/214529\/revisions\/214531"}],"wp:featuredmedia":[{"embeddable":true,"href":"https:\/\/diarioregionaldigital.com.br\/index.php?rest_route=\/wp\/v2\/media\/214530"}],"wp:attachment":[{"href":"https:\/\/diarioregionaldigital.com.br\/index.php?rest_route=%2Fwp%2Fv2%2Fmedia&parent=214529"}],"wp:term":[{"taxonomy":"category","embeddable":true,"href":"https:\/\/diarioregionaldigital.com.br\/index.php?rest_route=%2Fwp%2Fv2%2Fcategories&post=214529"},{"taxonomy":"post_tag","embeddable":true,"href":"https:\/\/diarioregionaldigital.com.br\/index.php?rest_route=%2Fwp%2Fv2%2Ftags&post=214529"}],"curies":[{"name":"wp","href":"https:\/\/api.w.org\/{rel}","templated":true}]}}