{"id":214506,"date":"2023-05-31T20:15:42","date_gmt":"2023-05-31T23:15:42","guid":{"rendered":"https:\/\/diarioregionaldigital.com.br\/?p=214506"},"modified":"2023-05-31T20:15:42","modified_gmt":"2023-05-31T23:15:42","slug":"pjf-atende-mais-de-80-bairros-com-limpeza-e-poda-de-grama-no-mes-de-maio","status":"publish","type":"post","link":"https:\/\/diarioregionaldigital.com.br\/?p=214506","title":{"rendered":"PJF atende mais de 80 bairros com limpeza e poda de grama no m\u00eas de maio"},"content":{"rendered":"<p>Segundo informa\u00e7\u00f5es do site da Prefeitura de Juiz de Fora (PJF), o\u00a0Programa Boniteza, da Prefeitura de Juiz de Fora (PJF), segue a todo vapor. As equipes de limpeza e poda de grama da PJF estiveram em diversos pontos da cidade durante o m\u00eas de maio. No total, 85 bairros foram atendidos pelos trabalhos.<\/p>\n<p>Algumas das pra\u00e7as que receberam atendimento foram: Guimar\u00e3es Rosa, no Quintas da Avenida, Geraldo Filgueiras de Resende, no Dom Bosco, Manoel Nunes, no Santa Cruz, Major Geraldo Esteves da Silva, no Eldorado, Cardoso Sobrinho, no bairro Nossa Senhora de Lourdes, Carlos Rutier, no Granbery, Presidente Kennedy,\u00a0 no Paineiras.<\/p>\n<p>Os trabalhos contribuem para tornar as pra\u00e7as um ambiente mais receptivo para a popula\u00e7\u00e3o, estimulando o conv\u00edvio social, deixando o espa\u00e7o p\u00fablico mais agrad\u00e1vel.<\/p>\n<p>Al\u00e9m das pra\u00e7as, a Empresa Municipal de Pavimenta\u00e7\u00e3o e Urbanidades (Empav) atuou tamb\u00e9m nos canteiros de alguns bairros do munic\u00edpio, como na avenida Dr. Moacir Siqueira, no bairro Jardim do Sol,\u00a0 na avenida Presidente Itamar Franco, no S\u00e3o Mateus, na rua Orlando Riani, no Filgueiras.<\/p>\n<p><strong>PJF realiza mais de 510 podas preventivas de \u00e1rvores em maio<\/strong><\/p>\n<p>A Empav tamb\u00e9m realizou durante todo o m\u00eas de maio, cerca de 515 podas de \u00e1rvores. No per\u00edodo, 45 bairros foram atendidos pelos trabalhos. Entre as a\u00e7\u00f5es, est\u00e3o as podas dr\u00e1sticas, simples e emergenciais, que tornam a cidade um ambiente mais seguro, contribuindo para a manuten\u00e7\u00e3o das esp\u00e9cies e o bem-estar da popula\u00e7\u00e3o.<\/p>\n<p><strong>Confira a lista completa de bairros atendidos:<\/strong><\/p>\n<p>Aeroporto<\/p>\n<p>Alto dos Passos<\/p>\n<p>Alto Graja\u00fa<\/p>\n<p>Ara\u00fajo<\/p>\n<p>Bairu<\/p>\n<p>Bandeirantes<\/p>\n<p>Barbosa Lage<\/p>\n<p>Barreira do Triunfo<\/p>\n<p>Benfica<\/p>\n<p>Boa Vista<\/p>\n<p>Bom Clima<\/p>\n<p>Bom Pastor<\/p>\n<p>Bonfim<\/p>\n<p>Bosque do Imperador<\/p>\n<p>Cai\u00e7aras<\/p>\n<p>Carlos Chagas<\/p>\n<p>Cascatinha<\/p>\n<p>Centen\u00e1rio<\/p>\n<p>Centro<\/p>\n<p>Cer\u00e2mica<\/p>\n<p>Costa Carvalho<\/p>\n<p>Democrata<\/p>\n<p>Dom Bosco<\/p>\n<p>Eldorado<\/p>\n<p>Estrela Sul<\/p>\n<p>Filgueiras<\/p>\n<p>Francisco Bernardino<\/p>\n<p>Graja\u00fa<\/p>\n<p>Grama<\/p>\n<p>Graminha<\/p>\n<p>Granbery<\/p>\n<p>Ipiranga<\/p>\n<p>Jardim do Sol<\/p>\n<p>Jardim Esperan\u00e7a<\/p>\n<p>Jardim de Al\u00e1<\/p>\n<p>Jardim Gl\u00f3ria<\/p>\n<p>J\u00f3quei Clube<\/p>\n<p>J\u00f3quei Clube II<\/p>\n<p>Ladeira<\/p>\n<p>Linhares<\/p>\n<p>Manoel Hon\u00f3rio<\/p>\n<p>Marumbi<\/p>\n<p>Meggliol\u00e1rio<\/p>\n<p>Milho Branco<\/p>\n<p>Monte Castelo<\/p>\n<p>Nossa Senhora Aparecida<\/p>\n<p>Nossa Senhora Das Gra\u00e7as<\/p>\n<p>Nossa Senhora De Lourdes<\/p>\n<p>Nova Calif\u00f3rnia<\/p>\n<p>Nova Benfica<\/p>\n<p>Nova Era I<\/p>\n<p>Paineiras<\/p>\n<p>Parque Guaru\u00e1<\/p>\n<p>Parque das Palmeiras<\/p>\n<p>Parque das Torres<\/p>\n<p>Parque Independ\u00eancia<\/p>\n<p>Pirapetinga<\/p>\n<p>Po\u00e7o Rico<\/p>\n<p>Ponte Preta<\/p>\n<p>Previdenci\u00e1rios<\/p>\n<p>Progresso<\/p>\n<p>Quintas da Avenida<\/p>\n<p>Santa C\u00e2ndida<\/p>\n<p>Santa Catarina<\/p>\n<p>Santa Cec\u00edlia<\/p>\n<p>Santa Cruz<\/p>\n<p>Santa Helena<\/p>\n<p>Santa Luzia<\/p>\n<p>Santa Paula<\/p>\n<p>Santa Rita De C\u00e1ssia<\/p>\n<p>Santa Terezinha<\/p>\n<p>Santo Ant\u00f4nio<\/p>\n<p>S\u00e3o Benedito<\/p>\n<p>S\u00e3o Judas Tadeu<\/p>\n<p>S\u00e3o Mateus<\/p>\n<p>S\u00e3o Pedro<\/p>\n<p>S\u00e3o Sebasti\u00e3o<\/p>\n<p>Teixeiras<\/p>\n<p>Valadares<\/p>\n<p>Vale do Ip\u00ea<\/p>\n<p>Vale Verde<\/p>\n<p>Vila Esperan\u00e7a I<\/p>\n<p>Vila Esperan\u00e7a II<\/p>\n<p>Vila Furtado De Menezes<\/p>\n<p>Vila Ideal<\/p>\n<p>Vitorino Braga<\/p>\n<p>As a\u00e7\u00f5es seguem em andamento na cidade, e a programa\u00e7\u00e3o di\u00e1ria completa pode ser conferida na p\u00e1gina do Gabinete de A\u00e7\u00e3o e Di\u00e1logo Comunit\u00e1rio atrav\u00e9s do<a href=\"https:\/\/www.pjf.mg.gov.br\/gabinetecomunitario\/#onde\">\u00a0link<\/a>. Para solicitar servi\u00e7os de zeladoria em vias p\u00fablicas, como tapa-buracos, poda e corte de \u00e1rvores, limpeza de pra\u00e7as e outros, entre em contato com o Gabinete de A\u00e7\u00e3o e Di\u00e1logo Comunit\u00e1rio, atrav\u00e9s do telefone (32) 3690-7241 (liga\u00e7\u00e3o ou WhatsApp).<\/p>\n","protected":false},"excerpt":{"rendered":"<p>Segundo informa\u00e7\u00f5es do site da Prefeitura de Juiz de Fora (PJF), o\u00a0Programa Boniteza, da Prefeitura de Juiz de Fora (PJF), segue a todo vapor. As equipes de limpeza e poda de grama da PJF estiveram em diversos pontos da cidade durante o m\u00eas de maio. No total, 85 bairros foram atendidos pelos trabalhos. Algumas das [&hellip;]<\/p>\n","protected":false},"author":246,"featured_media":214507,"comment_status":"closed","ping_status":"closed","sticky":false,"template":"","format":"standard","meta":{"footnotes":""},"categories":[253,436,439],"tags":[],"class_list":["post-214506","post","type-post","status-publish","format-standard","has-post-thumbnail","hentry","category-cidade","category-destaque-da-semana","category-ultima-hora"],"_links":{"self":[{"href":"https:\/\/diarioregionaldigital.com.br\/index.php?rest_route=\/wp\/v2\/posts\/214506","targetHints":{"allow":["GET"]}}],"collection":[{"href":"https:\/\/diarioregionaldigital.com.br\/index.php?rest_route=\/wp\/v2\/posts"}],"about":[{"href":"https:\/\/diarioregionaldigital.com.br\/index.php?rest_route=\/wp\/v2\/types\/post"}],"author":[{"embeddable":true,"href":"https:\/\/diarioregionaldigital.com.br\/index.php?rest_route=\/wp\/v2\/users\/246"}],"replies":[{"embeddable":true,"href":"https:\/\/diarioregionaldigital.com.br\/index.php?rest_route=%2Fwp%2Fv2%2Fcomments&post=214506"}],"version-history":[{"count":1,"href":"https:\/\/diarioregionaldigital.com.br\/index.php?rest_route=\/wp\/v2\/posts\/214506\/revisions"}],"predecessor-version":[{"id":214508,"href":"https:\/\/diarioregionaldigital.com.br\/index.php?rest_route=\/wp\/v2\/posts\/214506\/revisions\/214508"}],"wp:featuredmedia":[{"embeddable":true,"href":"https:\/\/diarioregionaldigital.com.br\/index.php?rest_route=\/wp\/v2\/media\/214507"}],"wp:attachment":[{"href":"https:\/\/diarioregionaldigital.com.br\/index.php?rest_route=%2Fwp%2Fv2%2Fmedia&parent=214506"}],"wp:term":[{"taxonomy":"category","embeddable":true,"href":"https:\/\/diarioregionaldigital.com.br\/index.php?rest_route=%2Fwp%2Fv2%2Fcategories&post=214506"},{"taxonomy":"post_tag","embeddable":true,"href":"https:\/\/diarioregionaldigital.com.br\/index.php?rest_route=%2Fwp%2Fv2%2Ftags&post=214506"}],"curies":[{"name":"wp","href":"https:\/\/api.w.org\/{rel}","templated":true}]}}