{"id":214309,"date":"2023-05-26T17:24:56","date_gmt":"2023-05-26T20:24:56","guid":{"rendered":"https:\/\/diarioregionaldigital.com.br\/?p=214309"},"modified":"2023-05-26T17:24:56","modified_gmt":"2023-05-26T20:24:56","slug":"desenvolver-o-futebol-feminino-e-prioridade-do-governo-diz-ministra","status":"publish","type":"post","link":"https:\/\/diarioregionaldigital.com.br\/?p=214309","title":{"rendered":"Desenvolver o futebol feminino \u00e9 prioridade do governo, diz ministra"},"content":{"rendered":"<p>A ministra do Esporte, Ana Moser, afirmou nesta quinta-feira (25) que a prioridade do governo federal no futebol \u00e9 desenvolver o segmento feminino da modalidade. Apesar de ser chamado de pa\u00eds do futebol,\u00a0a modalidade ainda \u00e9 incipiente entre as mulheres.<img decoding=\"async\" src=\"https:\/\/agenciabrasil.ebc.com.br\/ebc.png?id=1535555&amp;o=node\" \/><img decoding=\"async\" src=\"https:\/\/agenciabrasil.ebc.com.br\/ebc.gif?id=1535555&amp;o=node\" \/><\/p>\n<p>A ponta de lan\u00e7a desse projeto \u00e9 justamente a candidatura do Brasil \u00e0 sede da Copa do Mundo feminina de futebol, em 2027. A realiza\u00e7\u00e3o do evento conta com\u00a0<a href=\"https:\/\/agenciabrasil.ebc.com.br\/esportes\/noticia\/2023-03\/lula-declara-apoio-para-brasil-sediar-copa-de-futebol-feminino-em-2027\" target=\"_blank\" rel=\"noopener\">apoio direto da Presid\u00eancia da Rep\u00fablica<\/a>.<\/p>\n<p>&#8220;O foco do investimento em futebol do governo federal \u00e9 o futebol feminino. Essa estrutura\u00e7\u00e3o est\u00e1 sendo organizada com o objetivo de os clubes terem campeonatos o ano inteiro, com estrutura de forma\u00e7\u00e3o, inicia\u00e7\u00e3o no esporte com metodologia pr\u00f3pria, est\u00e1dios mais amig\u00e1veis para as mulheres. A Copa do Mundo seria a coroa\u00e7\u00e3o [desse projeto]&#8221;, afirmou Moser em entrevista ao programa\u00a0<em>A Voz do Brasil<\/em>.<\/p>\n<p>Em mar\u00e7o, o governo federal lan\u00e7ou a Estrat\u00e9gia Nacional para o desenvolvimento do futebol feminino no pa\u00eds. O programa, sob responsabilidade do Minist\u00e9rio do Esporte, prev\u00ea medidas de promo\u00e7\u00e3o do desenvolvimento do futebol profissional e amador no pa\u00eds, amplia\u00e7\u00e3o dos investimentos e forma\u00e7\u00e3o t\u00e9cnica para meninas e mulheres no mercado da bola.<\/p>\n<p>Entre as a\u00e7\u00f5es, o programa pretende fomentar a participa\u00e7\u00e3o das mulheres em posi\u00e7\u00f5es de gest\u00e3o, na arbitragem e na dire\u00e7\u00e3o t\u00e9cnica de equipes, al\u00e9m da instala\u00e7\u00e3o de centros de treinamento espec\u00edfico para as mulheres, com metodologias pr\u00f3prias e diretrizes pedag\u00f3gicas adaptadas \u00e0s necessidades femininas. O decreto determina que, at\u00e9 outubro, seja publicado um diagn\u00f3stico da situa\u00e7\u00e3o atual do futebol feminino no pa\u00eds e um plano de a\u00e7\u00f5es at\u00e9 2025 para a implanta\u00e7\u00e3o da estrat\u00e9gia.<\/p>\n<h2>Racismo<\/h2>\n<p>A ministra do Esporte tamb\u00e9m comentou sobre os\u00a0<a href=\"https:\/\/agenciabrasil.ebc.com.br\/esportes\/noticia\/2023-05\/ofensas-vinicius-junior-fazem-parte-de-historico-de-racismo-no-futebol\" target=\"_blank\" rel=\"noopener\">ataques racistas\u00a0direcionados ao jogador Vinicius J\u00fanior<\/a>, do Real Madrid, no fim de semana, um epis\u00f3dio que ganhou repercuss\u00e3o global e se tornou um incidente diplom\u00e1tico entre Brasil e Espanha.<\/p>\n<p>&#8220;O copo transbordou, mas ele vem enchendo h\u00e1 muito tempo. N\u00e3o \u00e9 sem tempo a explos\u00e3o de indigna\u00e7\u00e3o que houve no Brasil, na sociedade, nas institui\u00e7\u00f5es, no governo&#8221;, observou.<\/p>\n<p>Segundo Ana Moser, \u00e9 preciso que medidas sejam adotadas no \u00e2mbito esportivo, com ado\u00e7\u00e3o efetiva de protocolos de combate ao racismo, definido pela Federa\u00e7\u00e3o Internacional de Futebol (Fifa), mas tamb\u00e9m abordagens diplom\u00e1ticas, como a que o Brasil adotou ao\u00a0<a href=\"https:\/\/agenciabrasil.ebc.com.br\/esportes\/noticia\/2023-05\/ministerio-cobra-posicionamento-da-liga-espanhola-sobre-vini-jr\" target=\"_blank\" rel=\"noopener\">pressionar o governo espanhol\u00a0por medidas de repara\u00e7\u00e3o<\/a>\u00a0ao caso do jogador brasileiro. &#8220;O que se pode fazer, diplomaticamente, est\u00e1 sendo feito&#8221;.<\/p>\n<h2>Bolsa Atleta<\/h2>\n<p>Na entrevista, Ana Moser tamb\u00e9m defendeu a amplia\u00e7\u00e3o do alcance do programa Bolsa Atleta, para contemplar mais modalidades. Mesmo assim, ela celebrou a edi\u00e7\u00e3o 2023 do programa, que contemplou um total de 7.868 esportistas, o maior n\u00famero de pagamentos realizados na hist\u00f3ria do programa, que teve in\u00edcio em 2005. O n\u00famero de bolsas de 2023 \u00e9\u00a020% superior ao registrado na\u00a0edi\u00e7\u00e3o 2022, com 6.419 bolsas.<\/p>\n<p>O Bolsa Atleta \u00e9 um programa do governo federal voltado para esportistas que tenham mais de 14 anos de idade e\u00a0\u00e9 considerado uma das maiores iniciativas\u00a0de patroc\u00ednio direto em todo o mundo. O programa \u00e9 dividido em cinco categorias: Nacional (que pagar\u00e1 R$ 925 mensais a 5.134 atletas), Internacional (que destinar\u00e1 1.431 bolsas de R$ 1.850), Estudantil (com 567 aux\u00edlios de R$ 370), Atleta de Base (para 378 atletas que receber\u00e3o R$ 370) e Ol\u00edmpico e Paral\u00edmpico (com 358 contemplados no valor de R$ 3.100).<\/p>\n<p>Outra medida legislativa em andamento \u00e9 a inclus\u00e3o da regra que permite que benefici\u00e1rias do Bolsa Atleta possam continuar recebendo o benef\u00edcio durante a gesta\u00e7\u00e3o e at\u00e9 seis meses ap\u00f3s o nascimento da crian\u00e7a. O projeto de lei com a mudan\u00e7a j\u00e1 foi aprovado na C\u00e2mara dos Deputados, no in\u00edcio do m\u00eas, e est\u00e1 em an\u00e1lise no Senado.<\/p>\n<p><span style=\"font-weight: 400;\">Fonte: Ag\u00eancia Brasil <\/span><\/p>\n","protected":false},"excerpt":{"rendered":"<p>A ministra do Esporte, Ana Moser, afirmou nesta quinta-feira (25) que a prioridade do governo federal no futebol \u00e9 desenvolver o segmento feminino da modalidade. Apesar de ser chamado de pa\u00eds do futebol,\u00a0a modalidade ainda \u00e9 incipiente entre as mulheres. A ponta de lan\u00e7a desse projeto \u00e9 justamente a candidatura do Brasil \u00e0 sede da [&hellip;]<\/p>\n","protected":false},"author":246,"featured_media":214310,"comment_status":"closed","ping_status":"closed","sticky":false,"template":"","format":"standard","meta":{"footnotes":""},"categories":[436,257,439],"tags":[],"class_list":["post-214309","post","type-post","status-publish","format-standard","has-post-thumbnail","hentry","category-destaque-da-semana","category-esporte","category-ultima-hora"],"_links":{"self":[{"href":"https:\/\/diarioregionaldigital.com.br\/index.php?rest_route=\/wp\/v2\/posts\/214309","targetHints":{"allow":["GET"]}}],"collection":[{"href":"https:\/\/diarioregionaldigital.com.br\/index.php?rest_route=\/wp\/v2\/posts"}],"about":[{"href":"https:\/\/diarioregionaldigital.com.br\/index.php?rest_route=\/wp\/v2\/types\/post"}],"author":[{"embeddable":true,"href":"https:\/\/diarioregionaldigital.com.br\/index.php?rest_route=\/wp\/v2\/users\/246"}],"replies":[{"embeddable":true,"href":"https:\/\/diarioregionaldigital.com.br\/index.php?rest_route=%2Fwp%2Fv2%2Fcomments&post=214309"}],"version-history":[{"count":1,"href":"https:\/\/diarioregionaldigital.com.br\/index.php?rest_route=\/wp\/v2\/posts\/214309\/revisions"}],"predecessor-version":[{"id":214311,"href":"https:\/\/diarioregionaldigital.com.br\/index.php?rest_route=\/wp\/v2\/posts\/214309\/revisions\/214311"}],"wp:featuredmedia":[{"embeddable":true,"href":"https:\/\/diarioregionaldigital.com.br\/index.php?rest_route=\/wp\/v2\/media\/214310"}],"wp:attachment":[{"href":"https:\/\/diarioregionaldigital.com.br\/index.php?rest_route=%2Fwp%2Fv2%2Fmedia&parent=214309"}],"wp:term":[{"taxonomy":"category","embeddable":true,"href":"https:\/\/diarioregionaldigital.com.br\/index.php?rest_route=%2Fwp%2Fv2%2Fcategories&post=214309"},{"taxonomy":"post_tag","embeddable":true,"href":"https:\/\/diarioregionaldigital.com.br\/index.php?rest_route=%2Fwp%2Fv2%2Ftags&post=214309"}],"curies":[{"name":"wp","href":"https:\/\/api.w.org\/{rel}","templated":true}]}}