{"id":214304,"date":"2023-05-26T17:23:26","date_gmt":"2023-05-26T20:23:26","guid":{"rendered":"https:\/\/diarioregionaldigital.com.br\/?p=214304"},"modified":"2023-05-26T17:23:26","modified_gmt":"2023-05-26T20:23:26","slug":"cbf-tera-campanha-contra-racismo-nesta-rodada-do-campeonato-brasileiro","status":"publish","type":"post","link":"https:\/\/diarioregionaldigital.com.br\/?p=214304","title":{"rendered":"CBF ter\u00e1 campanha contra racismo nesta rodada do Campeonato Brasileiro"},"content":{"rendered":"<p>A Confedera\u00e7\u00e3o Brasileira de Futebol (CBF) anunciou que a oitava rodada da S\u00e9rie A do Campeonato Brasileiro, marcada para este fim de semana, ter\u00e1 uma campanha de combate ao racismo. A manifesta\u00e7\u00e3o envolver\u00e1 os jogadores dos 20 clubes da competi\u00e7\u00e3o, al\u00e9m dos \u00e1rbitros escalados para as dez partidas do s\u00e1bado e do domingo (27 e 28).<img decoding=\"async\" src=\"https:\/\/agenciabrasil.ebc.com.br\/ebc.png?id=1535608&amp;o=node\" \/><img decoding=\"async\" src=\"https:\/\/agenciabrasil.ebc.com.br\/ebc.gif?id=1535608&amp;o=node\" \/><\/p>\n<p>A a\u00e7\u00e3o ser\u00e1 realizada ap\u00f3s as ofensas racistas feitas ao brasileiro Vin\u00edcius J\u00fanior, atacante do Real Madrid, no jogo contra o Valencia, no domingo passado (23), pelo Campeonato Espanhol. Um dia antes, o goleiro Ca\u00edque, do Ypiranga (RS), denunciou um torcedor do Altos (PI) que o chamava de &#8220;uva preta&#8221;, em duelo da S\u00e9rie C do Brasileir\u00e3o.<\/p>\n<p>Segundo a CBF, os jogadores vestir\u00e3o camisas com a frase &#8220;Com o racismo n\u00e3o tem jogo&#8221;, que tamb\u00e9m estar\u00e1 estampada nas faixas dos capit\u00e3es, nas moedas dos \u00e1rbitros, nas bolas, nos est\u00e1dios e nas placas de publicidade. Quando o in\u00edcio das partidas for autorizado, os atletas sentar\u00e3o no gramado por 30 segundos, em apoio \u00e0 campanha.<\/p>\n<p>&#8220;Contamos com o apoio de cada torcedor. Racismo \u00e9 um crime brutal e deve ser banido dos est\u00e1dios. Basta de preconceito&#8221;, disse o presidente da CBF, Ednaldo Rodrigues, primeiro negro a comandar a entidade, ao site da confedera\u00e7\u00e3o.<\/p>\n<p>Manifesta\u00e7\u00f5es preconceituosas, como racistas ou homof\u00f3bicas, passaram a ser pun\u00edveis esportivamente no futebol brasileiro, conforme o Regulamento Geral de Competi\u00e7\u00f5es da CBF para este ano. A equipe pode ser advertida, ter de pagar uma multa limitada a R$ 500 mil, ser impedida de registrar atletas e at\u00e9 perder pontos.<\/p>\n<h2>Sul-Americana<\/h2>\n<p>O caso mais recente de racismo envolvendo atletas brasileiros ocorreu na quarta-feira (24), na partida entre Santos e Audax Italiano, no Est\u00e1dio El Teniente, em Ranc\u00e1gua, no Chile. Durante o jogo, v\u00e1lido pela quarta rodada da Copa Sul-Americana, o zagueiro Joaquim e o atacante \u00c2ngelo foram alvo de torcedores locais, com ofensas raciais e gestos imitando macacos.<\/p>\n<p>Em nota, o Santos informa que fez den\u00fancia \u00e0 Confedera\u00e7\u00e3o Sul-Americana de Futebol (Conmebol), que ainda n\u00e3o se manifestou. Em mar\u00e7o do ano passado, a Conmebol aumentou o peso das puni\u00e7\u00f5es em casos de preconceito, ap\u00f3s v\u00e1rios atos racistas contra brasileiros em partidas v\u00e1lidas pelos torneios continentais, durante o primeiro semestre. A multa m\u00ednima passou de R$ 150 mil para R$ 500 mil. O clube enquadrado ainda pode ter de atuar com as arquibancadas fechadas.<\/p>\n<p>Esta semana, a\u00a0<strong>Ag\u00eancia Brasil<\/strong>\u00a0publicou uma linha do tempo com epis\u00f3dios de racismo no futebol internacional.\u00a0<a href=\"https:\/\/agenciabrasil.ebc.com.br\/esportes\/noticia\/2023-05\/ofensas-vinicius-junior-fazem-parte-de-historico-de-racismo-no-futebol\" target=\"_blank\" rel=\"noopener\">Confira aqui<\/a>.<\/p>\n<p><span style=\"font-weight: 400;\">Fonte: Ag\u00eancia Brasil <\/span><\/p>\n","protected":false},"excerpt":{"rendered":"<p>A Confedera\u00e7\u00e3o Brasileira de Futebol (CBF) anunciou que a oitava rodada da S\u00e9rie A do Campeonato Brasileiro, marcada para este fim de semana, ter\u00e1 uma campanha de combate ao racismo. A manifesta\u00e7\u00e3o envolver\u00e1 os jogadores dos 20 clubes da competi\u00e7\u00e3o, al\u00e9m dos \u00e1rbitros escalados para as dez partidas do s\u00e1bado e do domingo (27 e [&hellip;]<\/p>\n","protected":false},"author":246,"featured_media":214305,"comment_status":"closed","ping_status":"closed","sticky":false,"template":"","format":"standard","meta":{"footnotes":""},"categories":[436,257,439],"tags":[],"class_list":["post-214304","post","type-post","status-publish","format-standard","has-post-thumbnail","hentry","category-destaque-da-semana","category-esporte","category-ultima-hora"],"_links":{"self":[{"href":"https:\/\/diarioregionaldigital.com.br\/index.php?rest_route=\/wp\/v2\/posts\/214304","targetHints":{"allow":["GET"]}}],"collection":[{"href":"https:\/\/diarioregionaldigital.com.br\/index.php?rest_route=\/wp\/v2\/posts"}],"about":[{"href":"https:\/\/diarioregionaldigital.com.br\/index.php?rest_route=\/wp\/v2\/types\/post"}],"author":[{"embeddable":true,"href":"https:\/\/diarioregionaldigital.com.br\/index.php?rest_route=\/wp\/v2\/users\/246"}],"replies":[{"embeddable":true,"href":"https:\/\/diarioregionaldigital.com.br\/index.php?rest_route=%2Fwp%2Fv2%2Fcomments&post=214304"}],"version-history":[{"count":2,"href":"https:\/\/diarioregionaldigital.com.br\/index.php?rest_route=\/wp\/v2\/posts\/214304\/revisions"}],"predecessor-version":[{"id":214307,"href":"https:\/\/diarioregionaldigital.com.br\/index.php?rest_route=\/wp\/v2\/posts\/214304\/revisions\/214307"}],"wp:featuredmedia":[{"embeddable":true,"href":"https:\/\/diarioregionaldigital.com.br\/index.php?rest_route=\/wp\/v2\/media\/214305"}],"wp:attachment":[{"href":"https:\/\/diarioregionaldigital.com.br\/index.php?rest_route=%2Fwp%2Fv2%2Fmedia&parent=214304"}],"wp:term":[{"taxonomy":"category","embeddable":true,"href":"https:\/\/diarioregionaldigital.com.br\/index.php?rest_route=%2Fwp%2Fv2%2Fcategories&post=214304"},{"taxonomy":"post_tag","embeddable":true,"href":"https:\/\/diarioregionaldigital.com.br\/index.php?rest_route=%2Fwp%2Fv2%2Ftags&post=214304"}],"curies":[{"name":"wp","href":"https:\/\/api.w.org\/{rel}","templated":true}]}}