{"id":214288,"date":"2023-05-26T17:12:13","date_gmt":"2023-05-26T20:12:13","guid":{"rendered":"https:\/\/diarioregionaldigital.com.br\/?p=214288"},"modified":"2023-05-26T17:12:13","modified_gmt":"2023-05-26T20:12:13","slug":"lula-recusa-convite-de-putin-para-ir-a-forum-economico","status":"publish","type":"post","link":"https:\/\/diarioregionaldigital.com.br\/?p=214288","title":{"rendered":"Lula recusa convite de Putin para ir a f\u00f3rum econ\u00f4mico"},"content":{"rendered":"<p>O presidente Luiz In\u00e1cio Lula da Silva conversou, por telefone, com o presidente da R\u00fassia, Vladimir Putin, e refor\u00e7ou a posi\u00e7\u00e3o do Brasil para as negocia\u00e7\u00f5es de um acordo de paz entre russos e ucranianos. Lula recusou o convite de Putin para ir ao F\u00f3rum Econ\u00f4mico Internacional de S\u00e3o Petersburgo, evento que ocorre desde 1997 na cidade russa. A edi\u00e7\u00e3o de 2023 ser\u00e1 entre 14 e 17 de julho.<img decoding=\"async\" src=\"https:\/\/agenciabrasil.ebc.com.br\/ebc.png?id=1535606&amp;o=node\" \/><img decoding=\"async\" src=\"https:\/\/agenciabrasil.ebc.com.br\/ebc.gif?id=1535606&amp;o=node\" \/><\/p>\n<p>Desde o in\u00edcio do mandato, Lula articula com diversos pa\u00edses\u00a0<a href=\"https:\/\/agenciabrasil.ebc.com.br\/politica\/noticia\/2023-05\/apos-g7-lula-mantem-posicao-sobre-guerra-na-ucrania\" target=\"_blank\" rel=\"noopener\">apoio para o fim do conflito<\/a>\u00a0na Ucr\u00e2nia.<\/p>\n<p>\u201cAgradeci a um convite para ir ao F\u00f3rum Econ\u00f4mico Internacional de S\u00e3o Petersburgo, e respondi que n\u00e3o posso ir \u00e0\u00a0R\u00fassia nesse momento, mas reiterei a disposi\u00e7\u00e3o do Brasil, junto com a \u00cdndia, Indon\u00e9sia e China, de conversar com ambos os lados do conflito em busca da paz\u201d, escreveu o presidente em publica\u00e7\u00e3o nas redes sociais.<\/p>\n<p>No \u00faltimo fim de semana, Lula esteve no Jap\u00e3o para participar da C\u00fapula do G7, grupo formado por sete dos pa\u00edses mais industrializados do mundo (Alemanha, Canad\u00e1, Estados Unidos, Fran\u00e7a, It\u00e1lia, Jap\u00e3o e Reino Unido). O brasileiro teve uma s\u00e9rie de encontros bilaterais, e o\u00a0<a href=\"https:\/\/agenciabrasil.ebc.com.br\/internacional\/noticia\/2023-05\/brasil-e-india-querem-buscar-solucao-pacifica-para-guerra-na-ucrania\" target=\"_blank\" rel=\"noopener\">conflito entre russos e ucranianos esteve na mesa de discuss\u00f5es<\/a>.<\/p>\n<p>Nesta semana, Lula tamb\u00e9m\u00a0<a href=\"https:\/\/agenciabrasil.ebc.com.br\/politica\/noticia\/2023-05\/lula-relata-nova-conversa-com-xi-jinping-sobre-ucrania\" target=\"_blank\" rel=\"noopener\">tratou por telefone com o presidente da China, Xi Jinping<\/a>, sobre a situa\u00e7\u00e3o da guerra na Ucr\u00e2nia.<\/p>\n<p>O presidente da Ucr\u00e2nia, Volodymyr Zelensky, tamb\u00e9m esteve no Jap\u00e3o e participou de uma das sess\u00f5es de debates do G7 sobre paz e prosperidade. Houve tentativa de reuni\u00e3o bilateral entre Lula e Zelensky, mas n\u00e3o foi poss\u00edvel por\u00a0<a href=\"https:\/\/agenciabrasil.ebc.com.br\/internacional\/noticia\/2023-05\/dificuldade-de-agenda-impede-reuniao-entre-lula-e-zelensky\" target=\"_blank\" rel=\"noopener\">dificuldade na concilia\u00e7\u00e3o das agendas<\/a>\u00a0dos dois l\u00edderes.<\/p>\n<p>No\u00a0<a href=\"https:\/\/agenciabrasil.ebc.com.br\/internacional\/noticia\/2023-05\/lula-volta-defender-no-g7-reforma-do-conselho-de-seguranca-da-onu\" target=\"_blank\" rel=\"noopener\">G7, Lula manteve sua posi\u00e7\u00e3o\u00a0<\/a>sobre a guerra na Ucr\u00e2nia, condenando a invas\u00e3o territorial do pa\u00eds pela R\u00fassia. Segundo o presidente brasileiro, apesar dos esfor\u00e7os, neste momento, n\u00e3o h\u00e1 interesse das partes em falar sobre a paz.<\/p>\n<p>Para Lula, para que haja negocia\u00e7\u00e3o, os dois lados ter\u00e3o que ceder em alguma medida. \u201cO Celso Amorim [assessor internacional da Presid\u00eancia] foi l\u00e1 na R\u00fassia e depois na Ucr\u00e2nia. E o Amorim falou que, por enquanto, eles n\u00e3o querem conversar sobre paz. Se um tem uma proposta, \u00e9 a rendi\u00e7\u00e3o do outro, se o outro tem uma proposta, \u00e9 a rendi\u00e7\u00e3o do primeiro. E ningu\u00e9m vai se render. Negocia\u00e7\u00e3o n\u00e3o \u00e9 rendimento e vai ter um momento que v\u00e3o querer uma negocia\u00e7\u00e3o\u201d, disse em coletiva de imprensa, no Jap\u00e3o.<\/p>\n<p><span style=\"font-weight: 400;\">Fonte: Ag\u00eancia Brasil <\/span><\/p>\n","protected":false},"excerpt":{"rendered":"<p>O presidente Luiz In\u00e1cio Lula da Silva conversou, por telefone, com o presidente da R\u00fassia, Vladimir Putin, e refor\u00e7ou a posi\u00e7\u00e3o do Brasil para as negocia\u00e7\u00f5es de um acordo de paz entre russos e ucranianos. Lula recusou o convite de Putin para ir ao F\u00f3rum Econ\u00f4mico Internacional de S\u00e3o Petersburgo, evento que ocorre desde 1997 [&hellip;]<\/p>\n","protected":false},"author":246,"featured_media":214289,"comment_status":"closed","ping_status":"closed","sticky":false,"template":"","format":"standard","meta":{"footnotes":""},"categories":[436,254,439],"tags":[],"class_list":["post-214288","post","type-post","status-publish","format-standard","has-post-thumbnail","hentry","category-destaque-da-semana","category-politica","category-ultima-hora"],"_links":{"self":[{"href":"https:\/\/diarioregionaldigital.com.br\/index.php?rest_route=\/wp\/v2\/posts\/214288","targetHints":{"allow":["GET"]}}],"collection":[{"href":"https:\/\/diarioregionaldigital.com.br\/index.php?rest_route=\/wp\/v2\/posts"}],"about":[{"href":"https:\/\/diarioregionaldigital.com.br\/index.php?rest_route=\/wp\/v2\/types\/post"}],"author":[{"embeddable":true,"href":"https:\/\/diarioregionaldigital.com.br\/index.php?rest_route=\/wp\/v2\/users\/246"}],"replies":[{"embeddable":true,"href":"https:\/\/diarioregionaldigital.com.br\/index.php?rest_route=%2Fwp%2Fv2%2Fcomments&post=214288"}],"version-history":[{"count":1,"href":"https:\/\/diarioregionaldigital.com.br\/index.php?rest_route=\/wp\/v2\/posts\/214288\/revisions"}],"predecessor-version":[{"id":214290,"href":"https:\/\/diarioregionaldigital.com.br\/index.php?rest_route=\/wp\/v2\/posts\/214288\/revisions\/214290"}],"wp:featuredmedia":[{"embeddable":true,"href":"https:\/\/diarioregionaldigital.com.br\/index.php?rest_route=\/wp\/v2\/media\/214289"}],"wp:attachment":[{"href":"https:\/\/diarioregionaldigital.com.br\/index.php?rest_route=%2Fwp%2Fv2%2Fmedia&parent=214288"}],"wp:term":[{"taxonomy":"category","embeddable":true,"href":"https:\/\/diarioregionaldigital.com.br\/index.php?rest_route=%2Fwp%2Fv2%2Fcategories&post=214288"},{"taxonomy":"post_tag","embeddable":true,"href":"https:\/\/diarioregionaldigital.com.br\/index.php?rest_route=%2Fwp%2Fv2%2Ftags&post=214288"}],"curies":[{"name":"wp","href":"https:\/\/api.w.org\/{rel}","templated":true}]}}