{"id":214250,"date":"2023-05-25T20:18:46","date_gmt":"2023-05-25T23:18:46","guid":{"rendered":"https:\/\/diarioregionaldigital.com.br\/?p=214250"},"modified":"2023-05-25T20:18:46","modified_gmt":"2023-05-25T23:18:46","slug":"brasil-goleia-republica-dominicana-por-6-a-0-no-mundial-sub-20","status":"publish","type":"post","link":"https:\/\/diarioregionaldigital.com.br\/?p=214250","title":{"rendered":"Brasil goleia Rep\u00fablica Dominicana por 6 a 0 no Mundial Sub-20"},"content":{"rendered":"<p>A sele\u00e7\u00e3o brasileira conquistou a primeira vit\u00f3ria na Copa do Mundo Sub-20. Em partida disputada nesta quarta-feira (24) em Mendoza (Argentina), o Brasil goleou a Rep\u00fablica Dominicana por 6 a 0 para assumir a vice-lideran\u00e7a do Grupo D da competi\u00e7\u00e3o.<img decoding=\"async\" src=\"https:\/\/agenciabrasil.ebc.com.br\/ebc.png?id=1535281&amp;o=node\" \/><img decoding=\"async\" src=\"https:\/\/agenciabrasil.ebc.com.br\/ebc.gif?id=1535281&amp;o=node\" \/><\/p>\n<p>Ap\u00f3s este triunfo, e o rev\u00e9s de 3 a 2 para a It\u00e1lia na estreia, a equipe comandada pelo t\u00e9cnico Ramon Menezes precisa vencer na \u00faltima rodada da fase de grupos para avan\u00e7ar \u00e0s oitavas de final. Mas o advers\u00e1rio \u00e9 justamente o l\u00edder do Grupo D, a Nig\u00e9ria. O confronto ser\u00e1 disputado a partir das 15h (hor\u00e1rio de Bras\u00edlia) do pr\u00f3ximo s\u00e1bado (27) em La Plata.<\/p>\n<p>Na partida desta quarta a sele\u00e7\u00e3o brasileira come\u00e7ou a construir sua vit\u00f3ria na etapa inicial. Aos 37 minutos Guilherme Biro cruzou e S\u00e1vio n\u00e3o perdoou. Um minuto depois Marcos Leonardo ampliou para 2 a 0. O terceiro saiu apenas ap\u00f3s o intervalo, com Jean ap\u00f3s cruzamento de S\u00e1vio.<\/p>\n<p>Aos 37 o Brasil chegou ao quarto, com Giovane ap\u00f3s passe de Matheus Martins. Dez minutos depois Marlon Gomes marcou o seu. J\u00e1 nos acr\u00e9scimos Matheus Martins deu n\u00fameros finais aop marcador.<\/p>\n<p><span style=\"font-weight: 400;\">Fonte: Ag\u00eancia Brasil <\/span><\/p>\n","protected":false},"excerpt":{"rendered":"<p>A sele\u00e7\u00e3o brasileira conquistou a primeira vit\u00f3ria na Copa do Mundo Sub-20. Em partida disputada nesta quarta-feira (24) em Mendoza (Argentina), o Brasil goleou a Rep\u00fablica Dominicana por 6 a 0 para assumir a vice-lideran\u00e7a do Grupo D da competi\u00e7\u00e3o. Ap\u00f3s este triunfo, e o rev\u00e9s de 3 a 2 para a It\u00e1lia na estreia, [&hellip;]<\/p>\n","protected":false},"author":246,"featured_media":214251,"comment_status":"closed","ping_status":"closed","sticky":false,"template":"","format":"standard","meta":{"footnotes":""},"categories":[436,257,439],"tags":[],"class_list":["post-214250","post","type-post","status-publish","format-standard","has-post-thumbnail","hentry","category-destaque-da-semana","category-esporte","category-ultima-hora"],"_links":{"self":[{"href":"https:\/\/diarioregionaldigital.com.br\/index.php?rest_route=\/wp\/v2\/posts\/214250","targetHints":{"allow":["GET"]}}],"collection":[{"href":"https:\/\/diarioregionaldigital.com.br\/index.php?rest_route=\/wp\/v2\/posts"}],"about":[{"href":"https:\/\/diarioregionaldigital.com.br\/index.php?rest_route=\/wp\/v2\/types\/post"}],"author":[{"embeddable":true,"href":"https:\/\/diarioregionaldigital.com.br\/index.php?rest_route=\/wp\/v2\/users\/246"}],"replies":[{"embeddable":true,"href":"https:\/\/diarioregionaldigital.com.br\/index.php?rest_route=%2Fwp%2Fv2%2Fcomments&post=214250"}],"version-history":[{"count":1,"href":"https:\/\/diarioregionaldigital.com.br\/index.php?rest_route=\/wp\/v2\/posts\/214250\/revisions"}],"predecessor-version":[{"id":214252,"href":"https:\/\/diarioregionaldigital.com.br\/index.php?rest_route=\/wp\/v2\/posts\/214250\/revisions\/214252"}],"wp:featuredmedia":[{"embeddable":true,"href":"https:\/\/diarioregionaldigital.com.br\/index.php?rest_route=\/wp\/v2\/media\/214251"}],"wp:attachment":[{"href":"https:\/\/diarioregionaldigital.com.br\/index.php?rest_route=%2Fwp%2Fv2%2Fmedia&parent=214250"}],"wp:term":[{"taxonomy":"category","embeddable":true,"href":"https:\/\/diarioregionaldigital.com.br\/index.php?rest_route=%2Fwp%2Fv2%2Fcategories&post=214250"},{"taxonomy":"post_tag","embeddable":true,"href":"https:\/\/diarioregionaldigital.com.br\/index.php?rest_route=%2Fwp%2Fv2%2Ftags&post=214250"}],"curies":[{"name":"wp","href":"https:\/\/api.w.org\/{rel}","templated":true}]}}