{"id":214063,"date":"2023-05-22T21:51:44","date_gmt":"2023-05-23T00:51:44","guid":{"rendered":"https:\/\/diarioregionaldigital.com.br\/?p=214063"},"modified":"2023-05-22T21:51:44","modified_gmt":"2023-05-23T00:51:44","slug":"justica-do-trabalho-inicia-7a-semana-de-conciliacao","status":"publish","type":"post","link":"https:\/\/diarioregionaldigital.com.br\/?p=214063","title":{"rendered":"Justi\u00e7a do Trabalho inicia 7\u00aa Semana de Concilia\u00e7\u00e3o"},"content":{"rendered":"<p>A Justi\u00e7a do Trabalho realiza a partir de hoje (22) at\u00e9 a pr\u00f3xima sexta-feira (26) a s\u00e9tima\u00a0edi\u00e7\u00e3o da Semana de Concilia\u00e7\u00e3o, em que promove um esfor\u00e7o concentrado de assinatura de acordos entre patr\u00f5es e empregados.<\/p>\n<p>O evento ocorre anualmente e mobiliza todos os 24 tribunais regionais do Trabalho (TRT) do pa\u00eds. Qualquer pessoa com processos em tramita\u00e7\u00e3o pode pedir participa\u00e7\u00e3o na semana, na qual s\u00e3o mediadas cerca de 40% de concilia\u00e7\u00f5es a mais do que numa semana normal.<\/p>\n<p>No ano passado, foram 21.167 acordos e \u00a0R$ 764.692.451,39 movimentados, segundo dados do Conselho Nacional de Justi\u00e7a (CNJ). Ao todo, em 2022, 219.566 pessoas foram atendidas e 65.035 audi\u00eancias foram realizadas.<\/p>\n<p>Para participar, qualquer empresa ou empregado pode solicitar a inclus\u00e3o de seu processo na pauta da semana. O pedido deve ser feito na Vara do Trabalho ou no Centro Judici\u00e1rio de M\u00e9todos Consensuais de Solu\u00e7\u00e3o de Disputas (Cejusc) locais.<\/p>\n<p>Neste ano, foi criado um\u00a0<a href=\"https:\/\/www.csjt.jus.br\/web\/csjt\/conciliacao-trabalhista#conciliometro\" target=\"_blank\" rel=\"noopener\">concili\u00f4metro<\/a>, em que \u00e9 poss\u00edvel acompanhar em tempo real dados dados nacionais de valor movimentado, total de acordos, n\u00famero de pessoas atendidas e o total de audi\u00eancias realizadas.<\/p>\n<p><span style=\"font-weight: 400;\">Fonte: Ag\u00eancia Brasil <\/span><\/p>\n","protected":false},"excerpt":{"rendered":"<p>A Justi\u00e7a do Trabalho realiza a partir de hoje (22) at\u00e9 a pr\u00f3xima sexta-feira (26) a s\u00e9tima\u00a0edi\u00e7\u00e3o da Semana de Concilia\u00e7\u00e3o, em que promove um esfor\u00e7o concentrado de assinatura de acordos entre patr\u00f5es e empregados. O evento ocorre anualmente e mobiliza todos os 24 tribunais regionais do Trabalho (TRT) do pa\u00eds. Qualquer pessoa com processos [&hellip;]<\/p>\n","protected":false},"author":246,"featured_media":214064,"comment_status":"closed","ping_status":"closed","sticky":false,"template":"","format":"standard","meta":{"footnotes":""},"categories":[436,254,439],"tags":[],"class_list":["post-214063","post","type-post","status-publish","format-standard","has-post-thumbnail","hentry","category-destaque-da-semana","category-politica","category-ultima-hora"],"_links":{"self":[{"href":"https:\/\/diarioregionaldigital.com.br\/index.php?rest_route=\/wp\/v2\/posts\/214063","targetHints":{"allow":["GET"]}}],"collection":[{"href":"https:\/\/diarioregionaldigital.com.br\/index.php?rest_route=\/wp\/v2\/posts"}],"about":[{"href":"https:\/\/diarioregionaldigital.com.br\/index.php?rest_route=\/wp\/v2\/types\/post"}],"author":[{"embeddable":true,"href":"https:\/\/diarioregionaldigital.com.br\/index.php?rest_route=\/wp\/v2\/users\/246"}],"replies":[{"embeddable":true,"href":"https:\/\/diarioregionaldigital.com.br\/index.php?rest_route=%2Fwp%2Fv2%2Fcomments&post=214063"}],"version-history":[{"count":1,"href":"https:\/\/diarioregionaldigital.com.br\/index.php?rest_route=\/wp\/v2\/posts\/214063\/revisions"}],"predecessor-version":[{"id":214065,"href":"https:\/\/diarioregionaldigital.com.br\/index.php?rest_route=\/wp\/v2\/posts\/214063\/revisions\/214065"}],"wp:featuredmedia":[{"embeddable":true,"href":"https:\/\/diarioregionaldigital.com.br\/index.php?rest_route=\/wp\/v2\/media\/214064"}],"wp:attachment":[{"href":"https:\/\/diarioregionaldigital.com.br\/index.php?rest_route=%2Fwp%2Fv2%2Fmedia&parent=214063"}],"wp:term":[{"taxonomy":"category","embeddable":true,"href":"https:\/\/diarioregionaldigital.com.br\/index.php?rest_route=%2Fwp%2Fv2%2Fcategories&post=214063"},{"taxonomy":"post_tag","embeddable":true,"href":"https:\/\/diarioregionaldigital.com.br\/index.php?rest_route=%2Fwp%2Fv2%2Ftags&post=214063"}],"curies":[{"name":"wp","href":"https:\/\/api.w.org\/{rel}","templated":true}]}}