{"id":214060,"date":"2023-05-22T21:47:01","date_gmt":"2023-05-23T00:47:01","guid":{"rendered":"https:\/\/diarioregionaldigital.com.br\/?p=214060"},"modified":"2023-05-22T21:47:01","modified_gmt":"2023-05-23T00:47:01","slug":"justica-anula-posse-do-presidente-da-apex","status":"publish","type":"post","link":"https:\/\/diarioregionaldigital.com.br\/?p=214060","title":{"rendered":"Justi\u00e7a anula posse do presidente da Apex"},"content":{"rendered":"<p>A Justi\u00e7a Federal em Bras\u00edlia determinou, nesta segunda-feira (22), a anula\u00e7\u00e3o da posse do presidente da Ag\u00eancia Brasileira de Promo\u00e7\u00e3o de Exporta\u00e7\u00f5es e Investimentos (Apex), Jorge Vianna. A decis\u00e3o foi tomada pela ju\u00edza Diana Vanderlei, da 5\u00aa Vara Federal no Distrito Federal.<\/p>\n<p>A magistrada aceitou pedido de liminar protocolado pelo senador Fl\u00e1vio Bolsonaro (PL-RJ) para afastar Vianna do cargo.<\/p>\n<p>De acordo com a ju\u00edza, a Apex alterou regras internas para permitir que o ex-senador pudesse assumir a chefia da ag\u00eancia sem comprovar flu\u00eancia em ingl\u00eas, requisito que era indispens\u00e1vel para comandar o \u00f3rg\u00e3o antes das mudan\u00e7as. &#8220;A retirada do requisito flu\u00eancia ou n\u00edvel avan\u00e7ado no idioma ingl\u00eas incorre em n\u00edtida ilegalidade por desvio de finalidade, na medida em que vai de encontro aos objetivos da Apex-Brasil e beneficia o atual presidente irregularmente empossado no cargo&#8221;, escreveu a ju\u00edza.<\/p>\n<p>Na decis\u00e3o, foi dado prazo at\u00e9 6 de julho para que Vianna possa comprovar flu\u00eancia em ingl\u00eas avan\u00e7ado em conversa\u00e7\u00e3o de neg\u00f3cios e consiga permanecer no cargo.<\/p>\n<p>&#8220;Faculto tamb\u00e9m ao senhor Jorge Vianna trazer aos autos v\u00eddeos direcionados ao ju\u00edzo, ou v\u00eddeos de palestras ou reuni\u00f5es da Apex-Brasil, demonstrando a conversa\u00e7\u00e3o do autor no referido idioma, no mais, o que achar oportuno de comprova\u00e7\u00e3o do requisito&#8221;, concluiu.<\/p>\n<p>Em nota, a Advocacia-Geral da Uni\u00e3o (AGU) informa que ingressar\u00e1 em car\u00e1ter de urg\u00eancia com recurso junto ao Tribunal Regional Federal da 1\u00aa Regi\u00e3o (TRF1) com o objetivo de suspender a decis\u00e3o liminar.\u00a0Na avalia\u00e7\u00e3o da AGU,\u00a0os autores n\u00e3o atenderam a requisitos processuais essenciais \u00e0 propositura da a\u00e7\u00e3o\u00a0e tampouco comprovaram o efetivo preju\u00edzo causado pelo ato de nomea\u00e7\u00e3o.<\/p>\n<p>A\u00a0<strong>Ag\u00eancia Brasil<\/strong>\u00a0entrou em contato com a assessoria da Apex e aguarda retorno.<\/p>\n<p><span style=\"font-weight: 400;\">Fonte: Ag\u00eancia Brasil <\/span><\/p>\n","protected":false},"excerpt":{"rendered":"<p>A Justi\u00e7a Federal em Bras\u00edlia determinou, nesta segunda-feira (22), a anula\u00e7\u00e3o da posse do presidente da Ag\u00eancia Brasileira de Promo\u00e7\u00e3o de Exporta\u00e7\u00f5es e Investimentos (Apex), Jorge Vianna. A decis\u00e3o foi tomada pela ju\u00edza Diana Vanderlei, da 5\u00aa Vara Federal no Distrito Federal. A magistrada aceitou pedido de liminar protocolado pelo senador Fl\u00e1vio Bolsonaro (PL-RJ) para [&hellip;]<\/p>\n","protected":false},"author":246,"featured_media":214061,"comment_status":"closed","ping_status":"closed","sticky":false,"template":"","format":"standard","meta":{"footnotes":""},"categories":[436,254,439],"tags":[],"class_list":["post-214060","post","type-post","status-publish","format-standard","has-post-thumbnail","hentry","category-destaque-da-semana","category-politica","category-ultima-hora"],"_links":{"self":[{"href":"https:\/\/diarioregionaldigital.com.br\/index.php?rest_route=\/wp\/v2\/posts\/214060","targetHints":{"allow":["GET"]}}],"collection":[{"href":"https:\/\/diarioregionaldigital.com.br\/index.php?rest_route=\/wp\/v2\/posts"}],"about":[{"href":"https:\/\/diarioregionaldigital.com.br\/index.php?rest_route=\/wp\/v2\/types\/post"}],"author":[{"embeddable":true,"href":"https:\/\/diarioregionaldigital.com.br\/index.php?rest_route=\/wp\/v2\/users\/246"}],"replies":[{"embeddable":true,"href":"https:\/\/diarioregionaldigital.com.br\/index.php?rest_route=%2Fwp%2Fv2%2Fcomments&post=214060"}],"version-history":[{"count":1,"href":"https:\/\/diarioregionaldigital.com.br\/index.php?rest_route=\/wp\/v2\/posts\/214060\/revisions"}],"predecessor-version":[{"id":214062,"href":"https:\/\/diarioregionaldigital.com.br\/index.php?rest_route=\/wp\/v2\/posts\/214060\/revisions\/214062"}],"wp:featuredmedia":[{"embeddable":true,"href":"https:\/\/diarioregionaldigital.com.br\/index.php?rest_route=\/wp\/v2\/media\/214061"}],"wp:attachment":[{"href":"https:\/\/diarioregionaldigital.com.br\/index.php?rest_route=%2Fwp%2Fv2%2Fmedia&parent=214060"}],"wp:term":[{"taxonomy":"category","embeddable":true,"href":"https:\/\/diarioregionaldigital.com.br\/index.php?rest_route=%2Fwp%2Fv2%2Fcategories&post=214060"},{"taxonomy":"post_tag","embeddable":true,"href":"https:\/\/diarioregionaldigital.com.br\/index.php?rest_route=%2Fwp%2Fv2%2Ftags&post=214060"}],"curies":[{"name":"wp","href":"https:\/\/api.w.org\/{rel}","templated":true}]}}