{"id":214051,"date":"2023-05-22T21:33:44","date_gmt":"2023-05-23T00:33:44","guid":{"rendered":"https:\/\/diarioregionaldigital.com.br\/?p=214051"},"modified":"2023-05-22T21:33:44","modified_gmt":"2023-05-23T00:33:44","slug":"receita-abre-na-quarta-consulta-ao-1o-lote-de-restituicao-de-2023","status":"publish","type":"post","link":"https:\/\/diarioregionaldigital.com.br\/?p=214051","title":{"rendered":"Receita abre na quarta consulta ao 1\u00ba lote de restitui\u00e7\u00e3o de 2023"},"content":{"rendered":"<p>A Receita Federal abrir\u00e1, na pr\u00f3xima quarta-feira (24), \u00e0s 10h, consulta ao primeiro lote de restitui\u00e7\u00e3o do Imposto de Renda Pessoa F\u00edsica de 2023.<\/p>\n<p>O lote contempla 4,1 milh\u00f5es de contribuintes que est\u00e3o fila de priorit\u00e1rios, como idosos acima de 80 anos, pessoas com defici\u00eancia, professores e quem realizou a declara\u00e7\u00e3o pr\u00e9-preenchida ou optou por receber a restitui\u00e7\u00e3o pelo Pix. Os valores ser\u00e3o pagos pela Receita no dia 31 de maio.<\/p>\n<p>Para consultar se a restitui\u00e7\u00e3o estar\u00e1 dispon\u00edvel, o contribuinte deve acessar a\u00a0<a href=\"https:\/\/www.gov.br\/receitafederal\/pt-br\" target=\"_blank\" rel=\"noopener\">p\u00e1gina da Receita Federal na internet<\/a>\u00a0e clicar nos itens &#8220;Meu Imposto de Renda&#8221; e &#8220;Consultar a Restitui\u00e7\u00e3o&#8221;.<\/p>\n<p>No primeiro lote, considerado pelo \u00f3rg\u00e3o o maior da hist\u00f3ria, ser\u00e3o distribu\u00eddos cerca de R$ 7,5 bilh\u00f5es aos contribuintes.<\/p>\n<p>A entrega da declara\u00e7\u00e3o do imposto come\u00e7ou no dia 15 de mar\u00e7o e termina em 31 de maio, \u00e0s 23h59.<\/p>\n<p>At\u00e9 as 8h30 de hoje, \u00a0a Receita Federal recebeu mais de 27 milh\u00f5es declara\u00e7\u00f5es, e a expectativa \u00e9 chegar a 39,5 milh\u00f5es at\u00e9 o fim do prazo.<\/p>\n<p><span style=\"font-weight: 400;\">Fonte: Ag\u00eancia Brasil <\/span><\/p>\n","protected":false},"excerpt":{"rendered":"<p>A Receita Federal abrir\u00e1, na pr\u00f3xima quarta-feira (24), \u00e0s 10h, consulta ao primeiro lote de restitui\u00e7\u00e3o do Imposto de Renda Pessoa F\u00edsica de 2023. O lote contempla 4,1 milh\u00f5es de contribuintes que est\u00e3o fila de priorit\u00e1rios, como idosos acima de 80 anos, pessoas com defici\u00eancia, professores e quem realizou a declara\u00e7\u00e3o pr\u00e9-preenchida ou optou por [&hellip;]<\/p>\n","protected":false},"author":246,"featured_media":214052,"comment_status":"closed","ping_status":"closed","sticky":false,"template":"","format":"standard","meta":{"footnotes":""},"categories":[436,261,439],"tags":[],"class_list":["post-214051","post","type-post","status-publish","format-standard","has-post-thumbnail","hentry","category-destaque-da-semana","category-economia","category-ultima-hora"],"_links":{"self":[{"href":"https:\/\/diarioregionaldigital.com.br\/index.php?rest_route=\/wp\/v2\/posts\/214051","targetHints":{"allow":["GET"]}}],"collection":[{"href":"https:\/\/diarioregionaldigital.com.br\/index.php?rest_route=\/wp\/v2\/posts"}],"about":[{"href":"https:\/\/diarioregionaldigital.com.br\/index.php?rest_route=\/wp\/v2\/types\/post"}],"author":[{"embeddable":true,"href":"https:\/\/diarioregionaldigital.com.br\/index.php?rest_route=\/wp\/v2\/users\/246"}],"replies":[{"embeddable":true,"href":"https:\/\/diarioregionaldigital.com.br\/index.php?rest_route=%2Fwp%2Fv2%2Fcomments&post=214051"}],"version-history":[{"count":1,"href":"https:\/\/diarioregionaldigital.com.br\/index.php?rest_route=\/wp\/v2\/posts\/214051\/revisions"}],"predecessor-version":[{"id":214053,"href":"https:\/\/diarioregionaldigital.com.br\/index.php?rest_route=\/wp\/v2\/posts\/214051\/revisions\/214053"}],"wp:featuredmedia":[{"embeddable":true,"href":"https:\/\/diarioregionaldigital.com.br\/index.php?rest_route=\/wp\/v2\/media\/214052"}],"wp:attachment":[{"href":"https:\/\/diarioregionaldigital.com.br\/index.php?rest_route=%2Fwp%2Fv2%2Fmedia&parent=214051"}],"wp:term":[{"taxonomy":"category","embeddable":true,"href":"https:\/\/diarioregionaldigital.com.br\/index.php?rest_route=%2Fwp%2Fv2%2Fcategories&post=214051"},{"taxonomy":"post_tag","embeddable":true,"href":"https:\/\/diarioregionaldigital.com.br\/index.php?rest_route=%2Fwp%2Fv2%2Ftags&post=214051"}],"curies":[{"name":"wp","href":"https:\/\/api.w.org\/{rel}","templated":true}]}}