{"id":214042,"date":"2023-05-21T06:00:58","date_gmt":"2023-05-21T09:00:58","guid":{"rendered":"https:\/\/diarioregionaldigital.com.br\/?p=214042"},"modified":"2023-05-20T03:57:01","modified_gmt":"2023-05-20T06:57:01","slug":"pele-no-dicionario","status":"publish","type":"post","link":"https:\/\/diarioregionaldigital.com.br\/?p=214042","title":{"rendered":"Pel\u00e9 no dicion\u00e1rio"},"content":{"rendered":"<p>\u00c9 um ato de pura justi\u00e7a. Dar a Pel\u00e9 uma proje\u00e7\u00e3o eterna, reservando para ele um lugar nos dicion\u00e1rios produzidos em l\u00edngua portuguesa. Diria mais: nos dicion\u00e1rios e tamb\u00e9m no vocabul\u00e1rio editado pela Academia Brasileira de Letras, com o significado claro do verbete: \u201c\u00e9 aquele fora do comum\u201d. Vale para o futebol, mas se aplica a quem se destaque em qualquer outra atividade da vida nacional. Pode ser um substantivo ou \u00a0adjetivo : \u00a0\u201cEle \u00e9 um novo Pel\u00e9 do futebol\u201d ou \u201cEla \u00e9 a Pel\u00e9 do voleibol feminino.\u201d \u00a0\u00a0\u00a0Est\u00e1 no verbete: \u201cQue ou aquele que \u00e9 fora do comum, que ou quem, em virtude de sua qualidade, valor ou superioridade n\u00e3o pode ser igualado a nada ou ningu\u00e9m, assim como Pel\u00e9, apelido de Edson Arantes do Nascimento (1940-1922), considerado o maior atleta de todos os tempos: excepcional, incompar\u00e1vel, \u00fanico.\u201d<\/p>\n<p>A campanha para que ele se torne verbete foi iniciada pela Pel\u00e9 Foundation.<\/p>\n<p>E chegou ao Dicion\u00e1rio Michaelis, mas foi desde logo adotada por outras institui\u00e7\u00f5es, como a Academia Brasileira de Letras, que zela pela nossa l\u00edngua e literatura. A sua Comiss\u00e3o de Lexicografia e Lexicologia, presidida pelo especialista Evanildo\u00a0 Bechara, aprovou a ideia por consider\u00e1-la oportuna e justa.<\/p>\n<p>Em nosso caso, manifestamos o nosso entusiasmo. Conhecemos Pel\u00e9 quando ele se preparava para a Copa do Mundo de 1958, na Su\u00e9cia. Bem jovem, nos treinos de Arax\u00e1 e Po\u00e7os de Caldas, o atleta do Santos F.C. arrancava a admira\u00e7\u00e3o do t\u00e9cnico Vicente Feola, que logo o colocou no ataque brasileiro, como efetivo. Brilhou nos jogos em Estocolmo e foi motivo de coment\u00e1rios elogiosos da \u201cManchete Esportiva\u201d, para a qual eu \u00a0trabalhava, por sugest\u00e3o do chefe Augusto Falc\u00e3o Rodrigues.<\/p>\n<p>Um dia, na cidade mineira de Po\u00e7os de Caldas, um grupo de jornalistas desafiou alguns atletas da sele\u00e7\u00e3o brasileira para uma animada \u201cpelada\u201d. \u00c9 claro que levamos um banho daqueles, mas ficou registrado um fato hist\u00f3rico: jogamos ao lado de Pel\u00e9, Zagallo, Vav\u00e1 e outros craques inesquec\u00edveis. Pel\u00e9, na ocasi\u00e3o, sequer tinha feito 18 anos e j\u00e1 era um craque.<\/p>\n<p>Agora, virou um verbete que vai iluminar dicion\u00e1rios e vocabul\u00e1rios. Para um atleta, poder\u00e1 existir honra maior? Dificilmente surgir\u00e1 um \u00a0outro Pel\u00e9 em nossa hist\u00f3ria. Pelo menos na atual gera\u00e7\u00e3o. A oficializa\u00e7\u00e3o do nome de Pel\u00e9 \u00e9 algo que enobrece o nosso futebol e tamb\u00e9m a cultura brasileira, pois a sua carreira transcendeu o campo esportivo, para se tornar uma raz\u00e3o de orgulho nacional.<\/p>\n","protected":false},"excerpt":{"rendered":"<p>\u00c9 um ato de pura justi\u00e7a. Dar a Pel\u00e9 uma proje\u00e7\u00e3o eterna, reservando para ele um lugar nos dicion\u00e1rios produzidos em l\u00edngua portuguesa. Diria mais: nos dicion\u00e1rios e tamb\u00e9m no vocabul\u00e1rio editado pela Academia Brasileira de Letras, com o significado claro do verbete: \u201c\u00e9 aquele fora do comum\u201d. Vale para o futebol, mas se aplica [&hellip;]<\/p>\n","protected":false},"author":96,"featured_media":0,"comment_status":"closed","ping_status":"closed","sticky":false,"template":"","format":"standard","meta":{"footnotes":""},"categories":[275],"tags":[],"class_list":["post-214042","post","type-post","status-publish","format-standard","hentry","category-arnaldo-niskier"],"_links":{"self":[{"href":"https:\/\/diarioregionaldigital.com.br\/index.php?rest_route=\/wp\/v2\/posts\/214042","targetHints":{"allow":["GET"]}}],"collection":[{"href":"https:\/\/diarioregionaldigital.com.br\/index.php?rest_route=\/wp\/v2\/posts"}],"about":[{"href":"https:\/\/diarioregionaldigital.com.br\/index.php?rest_route=\/wp\/v2\/types\/post"}],"author":[{"embeddable":true,"href":"https:\/\/diarioregionaldigital.com.br\/index.php?rest_route=\/wp\/v2\/users\/96"}],"replies":[{"embeddable":true,"href":"https:\/\/diarioregionaldigital.com.br\/index.php?rest_route=%2Fwp%2Fv2%2Fcomments&post=214042"}],"version-history":[{"count":1,"href":"https:\/\/diarioregionaldigital.com.br\/index.php?rest_route=\/wp\/v2\/posts\/214042\/revisions"}],"predecessor-version":[{"id":214043,"href":"https:\/\/diarioregionaldigital.com.br\/index.php?rest_route=\/wp\/v2\/posts\/214042\/revisions\/214043"}],"wp:attachment":[{"href":"https:\/\/diarioregionaldigital.com.br\/index.php?rest_route=%2Fwp%2Fv2%2Fmedia&parent=214042"}],"wp:term":[{"taxonomy":"category","embeddable":true,"href":"https:\/\/diarioregionaldigital.com.br\/index.php?rest_route=%2Fwp%2Fv2%2Fcategories&post=214042"},{"taxonomy":"post_tag","embeddable":true,"href":"https:\/\/diarioregionaldigital.com.br\/index.php?rest_route=%2Fwp%2Fv2%2Ftags&post=214042"}],"curies":[{"name":"wp","href":"https:\/\/api.w.org\/{rel}","templated":true}]}}