{"id":214040,"date":"2023-05-21T06:00:57","date_gmt":"2023-05-21T09:00:57","guid":{"rendered":"https:\/\/diarioregionaldigital.com.br\/?p=214040"},"modified":"2023-05-20T03:55:36","modified_gmt":"2023-05-20T06:55:36","slug":"ser-cidadao-sem-ilusoes","status":"publish","type":"post","link":"https:\/\/diarioregionaldigital.com.br\/?p=214040","title":{"rendered":"Ser cidad\u00e3o sem ilus\u00f5es"},"content":{"rendered":"<p style=\"text-align: center;\"><strong>Ser cidad\u00e3o sem ilus\u00f5es <\/strong><\/p>\n<p style=\"text-align: left;\">\u201cPela b\u00ean\u00e7\u00e3o dos justos a cidade \u00e9 exaltada, mas pela boca dos \u00edmpios \u00e9 destru\u00edda\u201d (Prov\u00e9rbios 11: 11).<\/p>\n<p style=\"text-align: left;\">A palavra \u201ccidadania\u201d remete \u00e0 Gr\u00e9cia Antiga e diz respeito originalmente \u201caos que vivem na cidade\u201d. Atualmente ela abarca um conceito mais amplo, mas pode-se dizer simplesmente que cidad\u00e3o \u00e9 aquele que \u00e9 portador de direitos e deveres em uma comunidade.<\/p>\n<p style=\"text-align: left;\">\u00c9 um conceito eivado pela pol\u00edtica, pois nela ocorrem as barganhas de onde brotam as leis que circunscrevem essas mesmas liberdades e obriga\u00e7\u00f5es.<\/p>\n<p style=\"text-align: left;\">Os justos promovem a cidadania, respeitam os direitos dos outros e gozam de seus pr\u00f3prios com consci\u00eancia. D\u00e3o o melhor de si para o bem comum, pelo conv\u00edvio pac\u00edfico e harmonioso em sociedade. Os \u00edmpios, por sua vez, n\u00e3o cultivam nenhum respeito pelos outros, transcendem limites e abusam das pr\u00f3prias garantias. Agem como gafanhotos, predadores que destroem tudo \u00e0 sua volta sem medir consequ\u00eancias.<\/p>\n<p style=\"text-align: left;\">\u201cA destrui\u00e7\u00e3o impera na cidade; a opress\u00e3o e a fraude jamais deixam suas ruas\u201d (Salmos 55: 11).<\/p>\n<p style=\"text-align: left;\">O Crist\u00e3o deve ser um cidad\u00e3o exemplar, por\u00e9m sem cultivar ilus\u00f5es, por isso sabe a hora de se envolver e quando deve t\u00e3o somente orar aben\u00e7oando em sil\u00eancio. Pois quem conhece as Escrituras sabe da \u00edndole humana e reconhece que existe dentro de todos n\u00f3s uma inclina\u00e7\u00e3o para o mal. Sabe que n\u00e3o \u00e9 a pol\u00edtica que salva, mas t\u00e3o somente o Sangue do Cordeiro.<\/p>\n<p style=\"text-align: left;\">\u201cPois o Filho do homem veio buscar e salvar o que estava perdido&#8221; (Lucas 19: 10).<\/p>\n<p style=\"text-align: left;\">Por isso faz o melhor por aqui, sem delirar com a obra humana de pol\u00edticos ou ju\u00edzes, n\u00e3o coloca seu cora\u00e7\u00e3o em sombras passageiras, ao contr\u00e1rio, age com consci\u00eancia e reserva-se para o que \u00e9 mais elevado.<\/p>\n<p style=\"text-align: left;\">O Crist\u00e3o \u00e9 cidad\u00e3o exemplar na Terra justamente porque participa da celestial, uma cidadania mais importante e sublime, cujos direitos e deveres s\u00e3o perfeitos sem variar como nuvens passageiras.<\/p>\n<p style=\"text-align: left;\">\u201cA nossa cidadania, por\u00e9m, est\u00e1 nos c\u00e9us, de onde esperamos ansiosamente um Salvador, o Senhor Jesus Cristo\u201d (Filipenses 3: 20).<\/p>\n","protected":false},"excerpt":{"rendered":"<p>Ser cidad\u00e3o sem ilus\u00f5es \u201cPela b\u00ean\u00e7\u00e3o dos justos a cidade \u00e9 exaltada, mas pela boca dos \u00edmpios \u00e9 destru\u00edda\u201d (Prov\u00e9rbios 11: 11). A palavra \u201ccidadania\u201d remete \u00e0 Gr\u00e9cia Antiga e diz respeito originalmente \u201caos que vivem na cidade\u201d. Atualmente ela abarca um conceito mais amplo, mas pode-se dizer simplesmente que cidad\u00e3o \u00e9 aquele que \u00e9 [&hellip;]<\/p>\n","protected":false},"author":96,"featured_media":0,"comment_status":"closed","ping_status":"closed","sticky":false,"template":"","format":"standard","meta":{"footnotes":""},"categories":[1244],"tags":[],"class_list":["post-214040","post","type-post","status-publish","format-standard","hentry","category-oleg-abramov"],"_links":{"self":[{"href":"https:\/\/diarioregionaldigital.com.br\/index.php?rest_route=\/wp\/v2\/posts\/214040","targetHints":{"allow":["GET"]}}],"collection":[{"href":"https:\/\/diarioregionaldigital.com.br\/index.php?rest_route=\/wp\/v2\/posts"}],"about":[{"href":"https:\/\/diarioregionaldigital.com.br\/index.php?rest_route=\/wp\/v2\/types\/post"}],"author":[{"embeddable":true,"href":"https:\/\/diarioregionaldigital.com.br\/index.php?rest_route=\/wp\/v2\/users\/96"}],"replies":[{"embeddable":true,"href":"https:\/\/diarioregionaldigital.com.br\/index.php?rest_route=%2Fwp%2Fv2%2Fcomments&post=214040"}],"version-history":[{"count":1,"href":"https:\/\/diarioregionaldigital.com.br\/index.php?rest_route=\/wp\/v2\/posts\/214040\/revisions"}],"predecessor-version":[{"id":214041,"href":"https:\/\/diarioregionaldigital.com.br\/index.php?rest_route=\/wp\/v2\/posts\/214040\/revisions\/214041"}],"wp:attachment":[{"href":"https:\/\/diarioregionaldigital.com.br\/index.php?rest_route=%2Fwp%2Fv2%2Fmedia&parent=214040"}],"wp:term":[{"taxonomy":"category","embeddable":true,"href":"https:\/\/diarioregionaldigital.com.br\/index.php?rest_route=%2Fwp%2Fv2%2Fcategories&post=214040"},{"taxonomy":"post_tag","embeddable":true,"href":"https:\/\/diarioregionaldigital.com.br\/index.php?rest_route=%2Fwp%2Fv2%2Ftags&post=214040"}],"curies":[{"name":"wp","href":"https:\/\/api.w.org\/{rel}","templated":true}]}}