{"id":214038,"date":"2023-05-21T06:00:43","date_gmt":"2023-05-21T09:00:43","guid":{"rendered":"https:\/\/diarioregionaldigital.com.br\/?p=214038"},"modified":"2023-05-20T03:57:32","modified_gmt":"2023-05-20T06:57:32","slug":"prefeitura-municipal-de-descoberto-extrato-de-contrato-no043-21-05-2023","status":"publish","type":"post","link":"https:\/\/diarioregionaldigital.com.br\/?p=214038","title":{"rendered":"Prefeitura Municipal de Descoberto &#8211; Extrato de Contrato n\u00ba043 &#8211; 21\/05\/2023"},"content":{"rendered":"<p style=\"text-align: center;\"><strong>EXTRATO DE CONTRATO<\/strong><\/p>\n<p style=\"text-align: center;\">Pref. Municipal de Descoberto x M.F.A.G \u2013 Produ\u00e7\u00e3o Art\u00edstica Ltda \u00a0\u2013 Show art\u00edstico musical do Grupo Bom Gosto, a se realizar no dia 16\/09\/2023 na Exposi\u00e7\u00e3o Agropecu\u00e1ria 2023 \u2013 \u00a0Fundamento: Inexigibilidade n\u00ba 007\/2023 &#8211; Valor Global: R$ 50.000,00 &#8211; Vig\u00eancia: 06 meses &#8211;\u00a0 Dot or\u00e7: \u00a002.02016.13.392.0015.278-339039\/150 \u00a0Ass: 19\/05\/2023 &#8211; Foro: S\u00e3o Jo\u00e3o Nepomuceno\/MG.<\/p>\n<p style=\"text-align: center;\"><strong>Marcos de Ara\u00fajo Lima<\/strong><\/p>\n<p style=\"text-align: center;\"><strong>Prefeito Municipal<\/strong><\/p>\n","protected":false},"excerpt":{"rendered":"<p>EXTRATO DE CONTRATO Pref. Municipal de Descoberto x M.F.A.G \u2013 Produ\u00e7\u00e3o Art\u00edstica Ltda \u00a0\u2013 Show art\u00edstico musical do Grupo Bom Gosto, a se realizar no dia 16\/09\/2023 na Exposi\u00e7\u00e3o Agropecu\u00e1ria 2023 \u2013 \u00a0Fundamento: Inexigibilidade n\u00ba 007\/2023 &#8211; Valor Global: R$ 50.000,00 &#8211; Vig\u00eancia: 06 meses &#8211;\u00a0 Dot or\u00e7: \u00a002.02016.13.392.0015.278-339039\/150 \u00a0Ass: 19\/05\/2023 &#8211; Foro: S\u00e3o Jo\u00e3o [&hellip;]<\/p>\n","protected":false},"author":96,"featured_media":0,"comment_status":"closed","ping_status":"closed","sticky":false,"template":"","format":"standard","meta":{"footnotes":""},"categories":[307],"tags":[],"class_list":["post-214038","post","type-post","status-publish","format-standard","hentry","category-editais"],"_links":{"self":[{"href":"https:\/\/diarioregionaldigital.com.br\/index.php?rest_route=\/wp\/v2\/posts\/214038","targetHints":{"allow":["GET"]}}],"collection":[{"href":"https:\/\/diarioregionaldigital.com.br\/index.php?rest_route=\/wp\/v2\/posts"}],"about":[{"href":"https:\/\/diarioregionaldigital.com.br\/index.php?rest_route=\/wp\/v2\/types\/post"}],"author":[{"embeddable":true,"href":"https:\/\/diarioregionaldigital.com.br\/index.php?rest_route=\/wp\/v2\/users\/96"}],"replies":[{"embeddable":true,"href":"https:\/\/diarioregionaldigital.com.br\/index.php?rest_route=%2Fwp%2Fv2%2Fcomments&post=214038"}],"version-history":[{"count":1,"href":"https:\/\/diarioregionaldigital.com.br\/index.php?rest_route=\/wp\/v2\/posts\/214038\/revisions"}],"predecessor-version":[{"id":214039,"href":"https:\/\/diarioregionaldigital.com.br\/index.php?rest_route=\/wp\/v2\/posts\/214038\/revisions\/214039"}],"wp:attachment":[{"href":"https:\/\/diarioregionaldigital.com.br\/index.php?rest_route=%2Fwp%2Fv2%2Fmedia&parent=214038"}],"wp:term":[{"taxonomy":"category","embeddable":true,"href":"https:\/\/diarioregionaldigital.com.br\/index.php?rest_route=%2Fwp%2Fv2%2Fcategories&post=214038"},{"taxonomy":"post_tag","embeddable":true,"href":"https:\/\/diarioregionaldigital.com.br\/index.php?rest_route=%2Fwp%2Fv2%2Ftags&post=214038"}],"curies":[{"name":"wp","href":"https:\/\/api.w.org\/{rel}","templated":true}]}}