{"id":214036,"date":"2023-05-21T06:00:04","date_gmt":"2023-05-21T09:00:04","guid":{"rendered":"https:\/\/diarioregionaldigital.com.br\/?p=214036"},"modified":"2023-05-20T03:52:13","modified_gmt":"2023-05-20T06:52:13","slug":"associacao-atletica-vasco-da-gama-21-05-2023","status":"publish","type":"post","link":"https:\/\/diarioregionaldigital.com.br\/?p=214036","title":{"rendered":"Associa\u00e7\u00e3o Atl\u00e9tica Vasco da Gama &#8211; 21\/05\/2023"},"content":{"rendered":"<p style=\"text-align: center;\"><strong>ASSOCIA\u00c7\u00c3O ATL\u00c9TICA VASCO DA GAMA.<\/strong><\/p>\n<p style=\"text-align: center;\">CNPJ sob o n\u00ba 21.585.351\/0001-81.<\/p>\n<p style=\"text-align: center;\"><strong>EDITAL PARA CONVOCA\u00c7\u00c3O DE ASSEMBL\u00c9IA GERAL EXTRAORDIN\u00c1RIA.<\/strong><\/p>\n<p style=\"text-align: center;\">Prezados(as) Senhores(as)<\/p>\n<p style=\"text-align: center;\">A Presidente da Associa\u00e7\u00e3o Atl\u00e9tica Vasco da Gama, Sr.\u00aa Nely Regina de Oliveira Ribeiro, no uso de suas atribui\u00e7\u00f5es e em respeito ao estatuto social, convoca a quem de interesse e direito para cess\u00e3o voltada \u00e0 venda\/aliena\u00e7\u00e3o dos im\u00f3veis da referida associa\u00e7\u00e3o e demais assuntos, que dar-se-\u00e1 em primeira chamada \u00e0s 19h com dois ter\u00e7os dos membros aptos e em segunda chamada as 19:15h com qualquer qu\u00f3rum, do dia 24\/05\/2023 na sede social situada nesta cidade \u00e0 Rua Bernardo Mascarenhas, n\u00b0: 552, F\u00e1brica.<\/p>\n<p style=\"text-align: center;\"><strong>Juiz de Fora, 18 de maio de 2023.<\/strong><\/p>\n<p style=\"text-align: center;\"><strong>Nely Regina de Oliveira Ribeiro<\/strong><\/p>\n<p style=\"text-align: center;\"><strong>Presidente da Associa\u00e7\u00e3o Atl\u00e9tica Vasco da Gama<\/strong><\/p>\n","protected":false},"excerpt":{"rendered":"<p>ASSOCIA\u00c7\u00c3O ATL\u00c9TICA VASCO DA GAMA. CNPJ sob o n\u00ba 21.585.351\/0001-81. EDITAL PARA CONVOCA\u00c7\u00c3O DE ASSEMBL\u00c9IA GERAL EXTRAORDIN\u00c1RIA. Prezados(as) Senhores(as) A Presidente da Associa\u00e7\u00e3o Atl\u00e9tica Vasco da Gama, Sr.\u00aa Nely Regina de Oliveira Ribeiro, no uso de suas atribui\u00e7\u00f5es e em respeito ao estatuto social, convoca a quem de interesse e direito para cess\u00e3o voltada \u00e0 [&hellip;]<\/p>\n","protected":false},"author":96,"featured_media":0,"comment_status":"closed","ping_status":"closed","sticky":false,"template":"","format":"standard","meta":{"footnotes":""},"categories":[307],"tags":[],"class_list":["post-214036","post","type-post","status-publish","format-standard","hentry","category-editais"],"_links":{"self":[{"href":"https:\/\/diarioregionaldigital.com.br\/index.php?rest_route=\/wp\/v2\/posts\/214036","targetHints":{"allow":["GET"]}}],"collection":[{"href":"https:\/\/diarioregionaldigital.com.br\/index.php?rest_route=\/wp\/v2\/posts"}],"about":[{"href":"https:\/\/diarioregionaldigital.com.br\/index.php?rest_route=\/wp\/v2\/types\/post"}],"author":[{"embeddable":true,"href":"https:\/\/diarioregionaldigital.com.br\/index.php?rest_route=\/wp\/v2\/users\/96"}],"replies":[{"embeddable":true,"href":"https:\/\/diarioregionaldigital.com.br\/index.php?rest_route=%2Fwp%2Fv2%2Fcomments&post=214036"}],"version-history":[{"count":1,"href":"https:\/\/diarioregionaldigital.com.br\/index.php?rest_route=\/wp\/v2\/posts\/214036\/revisions"}],"predecessor-version":[{"id":214037,"href":"https:\/\/diarioregionaldigital.com.br\/index.php?rest_route=\/wp\/v2\/posts\/214036\/revisions\/214037"}],"wp:attachment":[{"href":"https:\/\/diarioregionaldigital.com.br\/index.php?rest_route=%2Fwp%2Fv2%2Fmedia&parent=214036"}],"wp:term":[{"taxonomy":"category","embeddable":true,"href":"https:\/\/diarioregionaldigital.com.br\/index.php?rest_route=%2Fwp%2Fv2%2Fcategories&post=214036"},{"taxonomy":"post_tag","embeddable":true,"href":"https:\/\/diarioregionaldigital.com.br\/index.php?rest_route=%2Fwp%2Fv2%2Ftags&post=214036"}],"curies":[{"name":"wp","href":"https:\/\/api.w.org\/{rel}","templated":true}]}}