{"id":214018,"date":"2023-05-19T22:48:07","date_gmt":"2023-05-20T01:48:07","guid":{"rendered":"https:\/\/diarioregionaldigital.com.br\/?p=214018"},"modified":"2023-05-19T22:48:07","modified_gmt":"2023-05-20T01:48:07","slug":"murilo-rosa-e-fernanda-tavares-sao-os-novos-padrinhos-do-comite-olimpico-do-brasil","status":"publish","type":"post","link":"https:\/\/diarioregionaldigital.com.br\/?p=214018","title":{"rendered":"Murilo Rosa e Fernanda Tavares s\u00e3o os novos padrinhos do Comit\u00ea Ol\u00edmpico do Brasil"},"content":{"rendered":"<p>O casal formado pelo ator Murilo Rosa e pela modelo Fernanda Tavares foi convocado pelo Comit\u00ea Ol\u00edmpico do Brasil (COB) para atuar como padrinho e madrinha dos atletas ol\u00edmpicos brasileiros no ciclo atual. Casados h\u00e1 15 anos, os dois se juntam a um seleto grupo de personalidades na miss\u00e3o de engajar a torcida verde e amarela na caminhada dos atletas brasileiros at\u00e9 os Jogos Ol\u00edmpicos Paris 2024.<\/p>\n<p>E para celebrar essa parceria, Murilo j\u00e1 vai vestir a camisa do Time Brasil e apresentar o Hall da Fama, evento que o COB organizar\u00e1 em S\u00e3o Paulo no dia 18 de maio, homenageando grandes nomes do esporte ol\u00edmpico nacional.<\/p>\n<p>\u201cEstamos muito felizes com a chegada do Murilo e da Fernanda nesse grupo! Sem d\u00favida, s\u00e3o dois refor\u00e7os de peso! O Murilo j\u00e1 tem uma liga\u00e7\u00e3o com esporte desde a inf\u00e2ncia, j\u00e1 conhece a vida do atleta, e vivencia os Valores Ol\u00edmpicos. E a Fernanda, mundialmente conhecida por desfilar marcas incr\u00edveis, passa a representar tamb\u00e9m agora uma marca muito especial, a do Comit\u00ea Ol\u00edmpico do Brasil, que gera orgulho em mais de 200 milh\u00f5es de brasileiros\u201d, afirmou Gustavo Herbetta, diretor de Marketing do COB.<\/p>\n<p>Murilo Rosa nasceu em Bras\u00edlia, em 21 de agosto de 1970 e tem forte rela\u00e7\u00e3o com o esporte desde muito jovem. Antes de brilhar na TV, no teatro e no cinema, o ator se destacou nas competi\u00e7\u00f5es de taekwondo e at\u00e9 sonhou disputar os Jogos Ol\u00edmpicos de Barcelona 1992. Atualmente, Murilo \u00e9 embaixador da modalidade no pa\u00eds, ajudando a disseminar os valores positivos da arte marcial, e acompanhando de perto o desempenho dos atletas brasileiros em competi\u00e7\u00f5es. Com 30 anos de uma carreira consolidada com ator, Murilo Rosa emprestar\u00e1 seu carisma e amor ao esporte para convocar toda a torcida a incentivar o Time Brasil em todos os passos at\u00e9 Paris.<\/p>\n<p>\u201cPara mim \u00e9 uma honra receber esse convite. Sou um completo apaixonado pelos esportes. N\u00e3o tem nada que me emocione mais do que ver o talento e o esfor\u00e7o de um grande atleta sendo recompensado por uma conquista. Estou muito feliz mesmo. Sou embaixador do taekwondo no Brasil, j\u00e1 experimentei esse desejo pelo sonho ol\u00edmpico em 1992. Eu queria participar dos Jogos Ol\u00edmpicos de Barcelona, mas receber esse convite do Comit\u00ea Ol\u00edmpico do Brasil para ser padrinho dos nossos her\u00f3is, dos atletas brasileiros, \u00e9 de fato uma realiza\u00e7\u00e3o. Muito obrigado, vamos nessa, Brasil e contem comigo\u201d, disse Murilo Rosa.<\/p>\n<p>Nascida no Rio de Janeiro, mas criada em Natal at\u00e9 os 14 anos, Fernanda Tavares \u00e9 uma das mais prestigiadas modelos do mundo. Ao longo de sua bem-sucedida carreira internacional, desfilou para grandes marcas, estrelou campanhas e foi capa das principais revistas do mundo. Na TV, apresentou o reality show \u201cDesafio da Beleza\u201d, no canal GNT, e o programa o Miss\u00e3o MTV. Engajada, tamb\u00e9m atua em diversas causas sociais, principalmente na luta pela prote\u00e7\u00e3o dos animais.<\/p>\n<p>\u201c\u00c9 um prazer imenso fazer parte dessa trajet\u00f3ria t\u00e3o linda dos nossos atletas at\u00e9 Paris 2024. Eu amo acompanhar o Brasil nos Jogos Ol\u00edmpicos desde pequena e amo ver nossos atletas brilharem em suas diversas modalidades. Por isso, fico muito feliz e lisonjeada em poder apoi\u00e1-los de pertinho nesse momento t\u00e3o importante. Vamos com tudo e muito sucesso para o Time Brasil\u201d, celebrou Fernanda Tavares.<\/p>\n<p>Al\u00e9m de Fernanda e Murilo, o estrelado elenco de madrinhas e padrinhos do Time Brasil conta com a atriz e cantora\u00a0<a href=\"https:\/\/www.cob.org.br\/pt\/galerias\/noticias\/cob-anuncia-larissa-manoela-como-madrinha-dos-aletas-brasileiros-rumo-a-paris-2024\" target=\"_blank\" rel=\"noopener\"><b>Larissa Manoela<\/b><\/a>, o surfista\u00a0<a href=\"https:\/\/www.cob.org.br\/pt\/galerias\/noticias\/pedro-scooby-e-o-novo-padrinho-do-comite-olimpico-do-brasil\" target=\"_blank\" rel=\"noopener\"><b>Pedro Scooby<\/b><\/a>, a apresentadora\u00a0<a href=\"https:\/\/www.cob.org.br\/pt\/galerias\/noticias\/sabrina-sato-sera-madrinha-do-time-brasil-ate-os-jogos-olimpicos-paris-2024\" target=\"_blank\" rel=\"noopener\"><b>Sabrina Sato,<\/b><\/a>\u00a0o cantor\u00a0<a href=\"https:\/\/www.cob.org.br\/pt\/galerias\/noticias\/pedro-scooby-e-o-novo-padrinho-do-comite-olimpico-do-brasil\" target=\"_blank\" rel=\"noopener\"><b>Wesley Safad\u00e3o<\/b><\/a>, al\u00e9m da\u00a0<a href=\"https:\/\/www.cob.org.br\/pt\/galerias\/noticias\/cazetv-sera-o-novo-padrinho-do-time-brasil\" target=\"_blank\" rel=\"noopener\"><b>Caz\u00e9TV, canal do youtuber Casimiro Miguel<\/b><\/a>.<\/p>\n<p>O programa de madrinhas e padrinhos do COB re\u00fane personalidades renomadas do pa\u00eds, que atuar\u00e3o como embaixadores em eventos, competi\u00e7\u00f5es e nas redes sociais. A inten\u00e7\u00e3o \u00e9 trazer cada vez mais engajamento da torcida e dos seguidores nas redes sociais, al\u00e9m de ajudar a promover o esporte ol\u00edmpico e os atletas nacionais.<\/p>\n<p><span style=\"font-weight: 400;\">Fonte: COB<\/span><\/p>\n","protected":false},"excerpt":{"rendered":"<p>O casal formado pelo ator Murilo Rosa e pela modelo Fernanda Tavares foi convocado pelo Comit\u00ea Ol\u00edmpico do Brasil (COB) para atuar como padrinho e madrinha dos atletas ol\u00edmpicos brasileiros no ciclo atual. Casados h\u00e1 15 anos, os dois se juntam a um seleto grupo de personalidades na miss\u00e3o de engajar a torcida verde e [&hellip;]<\/p>\n","protected":false},"author":246,"featured_media":214019,"comment_status":"closed","ping_status":"closed","sticky":false,"template":"","format":"standard","meta":{"footnotes":""},"categories":[436,257,439],"tags":[],"class_list":["post-214018","post","type-post","status-publish","format-standard","has-post-thumbnail","hentry","category-destaque-da-semana","category-esporte","category-ultima-hora"],"_links":{"self":[{"href":"https:\/\/diarioregionaldigital.com.br\/index.php?rest_route=\/wp\/v2\/posts\/214018","targetHints":{"allow":["GET"]}}],"collection":[{"href":"https:\/\/diarioregionaldigital.com.br\/index.php?rest_route=\/wp\/v2\/posts"}],"about":[{"href":"https:\/\/diarioregionaldigital.com.br\/index.php?rest_route=\/wp\/v2\/types\/post"}],"author":[{"embeddable":true,"href":"https:\/\/diarioregionaldigital.com.br\/index.php?rest_route=\/wp\/v2\/users\/246"}],"replies":[{"embeddable":true,"href":"https:\/\/diarioregionaldigital.com.br\/index.php?rest_route=%2Fwp%2Fv2%2Fcomments&post=214018"}],"version-history":[{"count":1,"href":"https:\/\/diarioregionaldigital.com.br\/index.php?rest_route=\/wp\/v2\/posts\/214018\/revisions"}],"predecessor-version":[{"id":214020,"href":"https:\/\/diarioregionaldigital.com.br\/index.php?rest_route=\/wp\/v2\/posts\/214018\/revisions\/214020"}],"wp:featuredmedia":[{"embeddable":true,"href":"https:\/\/diarioregionaldigital.com.br\/index.php?rest_route=\/wp\/v2\/media\/214019"}],"wp:attachment":[{"href":"https:\/\/diarioregionaldigital.com.br\/index.php?rest_route=%2Fwp%2Fv2%2Fmedia&parent=214018"}],"wp:term":[{"taxonomy":"category","embeddable":true,"href":"https:\/\/diarioregionaldigital.com.br\/index.php?rest_route=%2Fwp%2Fv2%2Fcategories&post=214018"},{"taxonomy":"post_tag","embeddable":true,"href":"https:\/\/diarioregionaldigital.com.br\/index.php?rest_route=%2Fwp%2Fv2%2Ftags&post=214018"}],"curies":[{"name":"wp","href":"https:\/\/api.w.org\/{rel}","templated":true}]}}