{"id":214015,"date":"2023-05-19T22:45:56","date_gmt":"2023-05-20T01:45:56","guid":{"rendered":"https:\/\/diarioregionaldigital.com.br\/?p=214015"},"modified":"2023-05-19T22:45:56","modified_gmt":"2023-05-20T01:45:56","slug":"cpb-promove-curso-para-formacao-de-profissionais-no-basquete-em-cadeira-de-rodas","status":"publish","type":"post","link":"https:\/\/diarioregionaldigital.com.br\/?p=214015","title":{"rendered":"CPB promove curso para forma\u00e7\u00e3o de profissionais no basquete em cadeira de rodas"},"content":{"rendered":"<p>O Comit\u00ea Paral\u00edmpico Brasileiro (CPB), por meio da Educa\u00e7\u00e3o Paral\u00edmpica e em parceria com a Confedera\u00e7\u00e3o Brasileira de Basquetebol em Cadeira de Rodas (CBBC), est\u00e1 com inscri\u00e7\u00f5es abertas para um curso que visa formar \u00a0profissionais aptos a atuar na modalidade. As atividades ser\u00e3o espec\u00edficas para oficiais de quadra e ocorrer\u00e3o de 21 a 25 de agosto.<\/p>\n<p>As matr\u00edculas s\u00e3o gratuitas e podem ser realizadas pelo site da\u00a0<u><\/u><a href=\"https:\/\/www.educacaoparalimpica.org.br\/\"><u><strong>Educa\u00e7\u00e3o Paral\u00edmpica<\/strong><\/u><\/a>\u00a0at\u00e9 o dia 13 de agosto. A carga hor\u00e1ria \u00e9 de dez horas e s\u00e3o disponibilizadas 40 vagas.<\/p>\n<p>O requisito para participar \u00e9 ter conclu\u00eddo o curso\u00a0<u><\/u><a href=\"https:\/\/www.educacaoparalimpica.org.br\/login\/index.php\"><u><strong>Movimento Paral\u00edmpico: Fundamentos B\u00e1sicos do Esporte<\/strong><\/u><\/a>, tamb\u00e9m dispon\u00edvel gratuitamente no site da Educa\u00e7\u00e3o Paral\u00edmpica.<\/p>\n<p>As aulas ser\u00e3o ministradas pela professora Paula Belian. Os alunos ter\u00e3o acesso aos seguintes conte\u00fados: Hist\u00f3ria da modalidade; Classifica\u00e7\u00e3o funcional; Regras do jogo; e Faltas e penalidades.<\/p>\n<p>Para mais informa\u00e7\u00f5es ou sanar d\u00favidas sobre novos cursos, os interessados podem enviar um e-mail para\u00a0<strong>educ.paralimpica@cpb.org.br<\/strong>.<\/p>\n<p><strong>Servi\u00e7o<br \/>\nCurso online para forma\u00e7\u00e3o de oficiais de quadra &#8211; basquete em cadeira de rodas<br \/>\nData:\u00a0<\/strong>de 21 a 25 de agosto<br \/>\n<strong>Hor\u00e1rio:<\/strong>\u00a0das 19h30 \u00e0s 21h30<br \/>\n<strong>Inscri\u00e7\u00f5es:<\/strong>\u00a0At\u00e9 o dia 13 de agosto , pelo site https:\/\/www.educacaoparalimpica.org.br<\/p>\n<p><span style=\"font-weight: 400;\">Fonte:\u00a0 CPB<\/span><\/p>\n","protected":false},"excerpt":{"rendered":"<p>O Comit\u00ea Paral\u00edmpico Brasileiro (CPB), por meio da Educa\u00e7\u00e3o Paral\u00edmpica e em parceria com a Confedera\u00e7\u00e3o Brasileira de Basquetebol em Cadeira de Rodas (CBBC), est\u00e1 com inscri\u00e7\u00f5es abertas para um curso que visa formar \u00a0profissionais aptos a atuar na modalidade. As atividades ser\u00e3o espec\u00edficas para oficiais de quadra e ocorrer\u00e3o de 21 a 25 de [&hellip;]<\/p>\n","protected":false},"author":246,"featured_media":214016,"comment_status":"closed","ping_status":"closed","sticky":false,"template":"","format":"standard","meta":{"footnotes":""},"categories":[436,257,439],"tags":[],"class_list":["post-214015","post","type-post","status-publish","format-standard","has-post-thumbnail","hentry","category-destaque-da-semana","category-esporte","category-ultima-hora"],"_links":{"self":[{"href":"https:\/\/diarioregionaldigital.com.br\/index.php?rest_route=\/wp\/v2\/posts\/214015","targetHints":{"allow":["GET"]}}],"collection":[{"href":"https:\/\/diarioregionaldigital.com.br\/index.php?rest_route=\/wp\/v2\/posts"}],"about":[{"href":"https:\/\/diarioregionaldigital.com.br\/index.php?rest_route=\/wp\/v2\/types\/post"}],"author":[{"embeddable":true,"href":"https:\/\/diarioregionaldigital.com.br\/index.php?rest_route=\/wp\/v2\/users\/246"}],"replies":[{"embeddable":true,"href":"https:\/\/diarioregionaldigital.com.br\/index.php?rest_route=%2Fwp%2Fv2%2Fcomments&post=214015"}],"version-history":[{"count":1,"href":"https:\/\/diarioregionaldigital.com.br\/index.php?rest_route=\/wp\/v2\/posts\/214015\/revisions"}],"predecessor-version":[{"id":214017,"href":"https:\/\/diarioregionaldigital.com.br\/index.php?rest_route=\/wp\/v2\/posts\/214015\/revisions\/214017"}],"wp:featuredmedia":[{"embeddable":true,"href":"https:\/\/diarioregionaldigital.com.br\/index.php?rest_route=\/wp\/v2\/media\/214016"}],"wp:attachment":[{"href":"https:\/\/diarioregionaldigital.com.br\/index.php?rest_route=%2Fwp%2Fv2%2Fmedia&parent=214015"}],"wp:term":[{"taxonomy":"category","embeddable":true,"href":"https:\/\/diarioregionaldigital.com.br\/index.php?rest_route=%2Fwp%2Fv2%2Fcategories&post=214015"},{"taxonomy":"post_tag","embeddable":true,"href":"https:\/\/diarioregionaldigital.com.br\/index.php?rest_route=%2Fwp%2Fv2%2Ftags&post=214015"}],"curies":[{"name":"wp","href":"https:\/\/api.w.org\/{rel}","templated":true}]}}