{"id":214006,"date":"2023-05-19T22:23:15","date_gmt":"2023-05-20T01:23:15","guid":{"rendered":"https:\/\/diarioregionaldigital.com.br\/?p=214006"},"modified":"2023-05-19T22:23:15","modified_gmt":"2023-05-20T01:23:15","slug":"ministro-do-stf-muda-voto-e-desfaz-maioria-contraria-a-revista-intima","status":"publish","type":"post","link":"https:\/\/diarioregionaldigital.com.br\/?p=214006","title":{"rendered":"Ministro do STF muda voto e desfaz maioria contr\u00e1ria \u00e0 revista \u00edntima"},"content":{"rendered":"<p>O ministro Andr\u00e9 Mendon\u00e7a, do Supremo Tribunal Federal (STF), mudou seu voto na a\u00e7\u00e3o que julga se \u00e9 constitucional a revista nas partes \u00edntimas de visitantes em pris\u00f5es. Com isso,\u00a0<a href=\"https:\/\/agenciabrasil.ebc.com.br\/justica\/noticia\/2023-05\/maioria-do-stf-e-contraria-revista-intima-em-visitantes-de-presidios\" target=\"_blank\" rel=\"noopener\">foi desfeita a maioria<\/a>\u00a0que havia se formado horas antes para proibir o procedimento.<\/p>\n<p>Logo em seguida \u00e0 corre\u00e7\u00e3o de voto, o ministro Gilmar Mendes pediu destaque da a\u00e7\u00e3o direta de inconstitucionalidade sobre o assunto. Isso significa que agora a an\u00e1lise dever\u00e1 ser feita no plen\u00e1rio convencional, em que h\u00e1 debate presencial ou por videoconfer\u00eancia. Nesse caso, o regimento do Supremo prev\u00ea que a vota\u00e7\u00e3o tamb\u00e9m dever\u00e1 ser refeita. Ainda n\u00e3o h\u00e1 data definida.<\/p>\n<h2>Mudan\u00e7a de voto<\/h2>\n<p>Segundo o gabinete de Mendon\u00e7a, houve erro material no momento de computar o voto, que foi corrigido. Mendon\u00e7a consta agora como aderente \u00e0 diverg\u00eancia aberta pelo ministro Alexandre de Moraes, que v\u00ea possibilidade de realiza\u00e7\u00e3o de revistas \u00edntimas, desde que sob protocolos preestabelecidos e regras espec\u00edficas.<\/p>\n<p>O tema era julgado no plen\u00e1rio virtual, em sess\u00e3o prevista para terminar \u00e0s 23h59 desta sexta-feira (19).<\/p>\n<p>Mais cedo, antes da mudan\u00e7a no voto de Mendon\u00e7a, havia se formado maioria em torno da posi\u00e7\u00e3o do relator, ministro Edson Fachin. Para ele, a pr\u00e1tica da revista \u00edntima \u00e9 incompat\u00edvel com a Constitui\u00e7\u00e3o de 1988, entre outros pontos, por violar a dignidade da pessoa humana.<\/p>\n<p>Fachin concordou com os argumentos apresentados em um recurso extraordin\u00e1rio ao Supremo, no qual a defesa de uma mulher do Rio Grande do Sul pediu a anula\u00e7\u00e3o de provas obtidas mediante revista \u00edntima.<\/p>\n<p>O recurso tem repercuss\u00e3o geral reconhecida. Assim, o desfecho do processo dever\u00e1 servir de par\u00e2metro para todos os casos judiciais similares. Para isso, a maioria dos ministros aprova\u00a0uma tese a ser seguida por todos os tribunais do pa\u00eds. A tese sugerida por Fachin possui o seguinte teor:<\/p>\n<p>\u201c\u00c9 inadmiss\u00edvel a pr\u00e1tica vexat\u00f3ria da revista \u00edntima em visitas sociais nos estabelecimentos de segrega\u00e7\u00e3o compuls\u00f3ria, vedados sob qualquer forma ou modo o desnudamento de visitantes e a abomin\u00e1vel inspe\u00e7\u00e3o de suas cavidades corporais, e a prova a partir dela obtida \u00e9 il\u00edcita, n\u00e3o cabendo como escusa a aus\u00eancia de equipamentos eletr\u00f4nicos e radiosc\u00f3picos.\u201d<\/p>\n<p>Em seu voto, Fachin esclareceu que considera leg\u00edtimas as revistas pessoais, sem desnudamento e desde que o visitante j\u00e1 tenha passado por equipamentos como detectores de metal e raio-X. \u00c9 preciso tamb\u00e9m que haja \u201celementos concretos ou documentos que materializem e justifiquem a suspeita do porte de subst\u00e2ncias\/objetos il\u00edcitos ou proibidos, de modo a permitir-se o controle judicial, bem como a responsabiliza\u00e7\u00e3o civil, penal e administrativa nas hip\u00f3teses de eventuais arbitrariedades\u201d, escreveu o ministro.<\/p>\n<p>No caso concreto, os ministros julgaram a apela\u00e7\u00e3o de uma mulher que foi flagrada em uma pris\u00e3o do Rio Grande do Sul com 96,09 gramas de maconha ocultadas nas partes \u00edntimas. A droga seria levada a seu irm\u00e3o preso.<\/p>\n<p>A Defensoria P\u00fablica alegou que a prova do il\u00edcito foi obtida por meio de procedimento ilegal, que feriu a intimidade, a honra e a dignidade da r\u00e9, entre outras viola\u00e7\u00f5es, e que por esse motivo n\u00e3o haveria como se dar validade \u00e0s provas. O Minist\u00e9rio P\u00fablico do RS recorreu afirmando n\u00e3o ser poss\u00edvel se criar uma esp\u00e9cie de \u201cimunidade criminal\u201d para a entrada de drogas em penitenci\u00e1rias.<\/p>\n<p>Antes da suspens\u00e3o do julgamento, haviam votado com Fachin os ministros C\u00e1rmen L\u00facia, Lu\u00eds Roberto Barroso, Rosa Weber e Gilmar Mendes. Divergiram os ministros Alexandre de Moraes, Dias Toffoli, Nunes Marques e, agora, Andr\u00e9 Mendon\u00e7a. Luiz Fux ainda n\u00e3o havia votado.<\/p>\n<p><span style=\"font-weight: 400;\"><br \/>\n<\/span><span style=\"font-weight: 400;\">Fonte: Ag\u00eancia Brasil <\/span><\/p>\n","protected":false},"excerpt":{"rendered":"<p>O ministro Andr\u00e9 Mendon\u00e7a, do Supremo Tribunal Federal (STF), mudou seu voto na a\u00e7\u00e3o que julga se \u00e9 constitucional a revista nas partes \u00edntimas de visitantes em pris\u00f5es. Com isso,\u00a0foi desfeita a maioria\u00a0que havia se formado horas antes para proibir o procedimento. Logo em seguida \u00e0 corre\u00e7\u00e3o de voto, o ministro Gilmar Mendes pediu destaque [&hellip;]<\/p>\n","protected":false},"author":246,"featured_media":214007,"comment_status":"closed","ping_status":"closed","sticky":false,"template":"","format":"standard","meta":{"footnotes":""},"categories":[436,254,439],"tags":[],"class_list":["post-214006","post","type-post","status-publish","format-standard","has-post-thumbnail","hentry","category-destaque-da-semana","category-politica","category-ultima-hora"],"_links":{"self":[{"href":"https:\/\/diarioregionaldigital.com.br\/index.php?rest_route=\/wp\/v2\/posts\/214006","targetHints":{"allow":["GET"]}}],"collection":[{"href":"https:\/\/diarioregionaldigital.com.br\/index.php?rest_route=\/wp\/v2\/posts"}],"about":[{"href":"https:\/\/diarioregionaldigital.com.br\/index.php?rest_route=\/wp\/v2\/types\/post"}],"author":[{"embeddable":true,"href":"https:\/\/diarioregionaldigital.com.br\/index.php?rest_route=\/wp\/v2\/users\/246"}],"replies":[{"embeddable":true,"href":"https:\/\/diarioregionaldigital.com.br\/index.php?rest_route=%2Fwp%2Fv2%2Fcomments&post=214006"}],"version-history":[{"count":1,"href":"https:\/\/diarioregionaldigital.com.br\/index.php?rest_route=\/wp\/v2\/posts\/214006\/revisions"}],"predecessor-version":[{"id":214008,"href":"https:\/\/diarioregionaldigital.com.br\/index.php?rest_route=\/wp\/v2\/posts\/214006\/revisions\/214008"}],"wp:featuredmedia":[{"embeddable":true,"href":"https:\/\/diarioregionaldigital.com.br\/index.php?rest_route=\/wp\/v2\/media\/214007"}],"wp:attachment":[{"href":"https:\/\/diarioregionaldigital.com.br\/index.php?rest_route=%2Fwp%2Fv2%2Fmedia&parent=214006"}],"wp:term":[{"taxonomy":"category","embeddable":true,"href":"https:\/\/diarioregionaldigital.com.br\/index.php?rest_route=%2Fwp%2Fv2%2Fcategories&post=214006"},{"taxonomy":"post_tag","embeddable":true,"href":"https:\/\/diarioregionaldigital.com.br\/index.php?rest_route=%2Fwp%2Fv2%2Ftags&post=214006"}],"curies":[{"name":"wp","href":"https:\/\/api.w.org\/{rel}","templated":true}]}}