{"id":214000,"date":"2023-05-19T22:18:36","date_gmt":"2023-05-20T01:18:36","guid":{"rendered":"https:\/\/diarioregionaldigital.com.br\/?p=214000"},"modified":"2023-05-19T22:18:36","modified_gmt":"2023-05-20T01:18:36","slug":"reparacao-brumadinho-projetos-para-instalacao-de-usinas-de-energia-solar-sao-iniciados-em-curvelo-e-em-morada-nova-de-minas","status":"publish","type":"post","link":"https:\/\/diarioregionaldigital.com.br\/?p=214000","title":{"rendered":"Repara\u00e7\u00e3o Brumadinho: Projetos para instala\u00e7\u00e3o de usinas de energia solar s\u00e3o iniciados em Curvelo e em Morada Nova de Minas"},"content":{"rendered":"<p>Os munic\u00edpios de Curvelo e Morada Nova de Minas, na regi\u00e3o Central do estado,\u00a0v\u00e3o receber usinas para gera\u00e7\u00e3o de energia solar (fotovoltaicas) em im\u00f3veis e equipamentos das prefeituras. Esta iniciativa amplia a utiliza\u00e7\u00e3o de energia limpa e reduz os gastos p\u00fablicos dos munic\u00edpios com energia el\u00e9trica, possibilitando a realiza\u00e7\u00e3o de investimentos em outras \u00e1reas priorit\u00e1rias, como sa\u00fade, educa\u00e7\u00e3o e assist\u00eancia social.<\/p>\n<p>As usinas v\u00e3o ser custeadas com recursos do\u00a0<a href=\"https:\/\/www.mg.gov.br\/pro-brumadinho\/pagina\/entenda-o-acordo-judicial\" target=\"_blank\" rel=\"noopener\">Termo de Repara\u00e7\u00e3o<\/a>\u00a0ao rompimento da Vale, em Brumadinho. As iniciativas fazem parte do grupo chamado de \u201cProjetos Regionais da Bacia do Paraopeba\u201d, definidos ap\u00f3s a\u00a0<a href=\"https:\/\/www.mg.gov.br\/pro-brumadinho\/pagina\/consulta-popular-reparacao-brumadinho-saiba-tudo-sobre-o-processo-consultivo\" target=\"_blank\" rel=\"noopener\">Consulta Popular<\/a>.<\/p>\n<p>Para Curvelo, foi aprovada a instala\u00e7\u00e3o de cinco equipamentos, sendo quatro usinas de microgera\u00e7\u00e3o distribu\u00eddas\u00a0em escolas p\u00fablicas, com pot\u00eancia de 75 kw cada uma, totalizando 300 kW. Os pr\u00e9dios contemplados s\u00e3o da Escola Maria Am\u00e1lia, da Escola Municipal Dr. Viriato Mascarenhas Gonzaga, da Escola Padre Celso e da Escola Boaventura Pereira Leite. Tamb\u00e9m ser\u00e1 adquirida uma usina fotovoltaica de minigera\u00e7\u00e3o distribu\u00edda para ser utilizada na ilumina\u00e7\u00e3o p\u00fablica, com capacidade para 2,4 MW. O prazo previsto para conclus\u00e3o das quatro usinas \u00e9 de um ano e um m\u00eas; j\u00e1 o processo de aquisi\u00e7\u00e3o da outra tem dura\u00e7\u00e3o prevista de dez meses. O valor estimado para o projeto em Curvelo \u00e9 R$ 23.317.774.<\/p>\n<p>Em Morada Nova de Minas foi autorizada a instala\u00e7\u00e3o de 12 usinas fotovoltaicas em \u00e1reas urbanas do munic\u00edpio. A previs\u00e3o \u00e9 que as 12 usinas gerem cerca 650 kW de energia. As instala\u00e7\u00f5es v\u00e3o ser realizadas em im\u00f3veis de servi\u00e7os p\u00fablicos como unidades de sa\u00fade, escolas, quadras e ainda no terminal rodovi\u00e1rio. O valor estimado para as instala\u00e7\u00f5es \u00e9 de R$ 3.751.977, e o prazo previsto para conclus\u00e3o \u00e9 de um ano.<\/p>\n<p>Locais previstos para as implanta\u00e7\u00f5es das usinas em Morada Nova de Minas:<\/p>\n<ul>\n<li>\u00a0 \u00a0 Almoxarifado da Prefeitura<\/li>\n<li>\u00a0 \u00a0 Associa\u00e7\u00e3o de Pais e Amigos dos Excepcionais (APAE)<\/li>\n<li>\u00a0 \u00a0 Centro de Aten\u00e7\u00e3o Psicossocial (CAPS)<\/li>\n<li>\u00a0 \u00a0 Companhia Desenvolvimento Vale S\u00e3o Francisco (CODEVASF)<\/li>\n<li>\u00a0 \u00a0 Hospital Casa de Caridade S\u00e3o Sebasti\u00e3o<\/li>\n<li>\u00a0 \u00a0 Gin\u00e1sio Poliesportivo Jo\u00e3o Francisco da Silva<\/li>\n<li>\u00a0 \u00a0 Posto de Sa\u00fade Centro<\/li>\n<li>\u00a0 \u00a0 Posto de Sa\u00fade Guar\u00e1<\/li>\n<li>\u00a0 \u00a0 Posto de Sa\u00fade S\u00e3o Geraldo<\/li>\n<li>\u00a0 \u00a0 Quadra Escola Municipal Helo\u00edsa de Campos Santos<\/li>\n<li>\u00a0 \u00a0 Quadra S\u00e3o Geraldo<\/li>\n<li>\u00a0 \u00a0 Terminal Rodovi\u00e1rio Municipal<\/li>\n<\/ul>\n<p>&nbsp;<\/p>\n<p><strong>Projeto Regional \u00a0<\/strong><\/p>\n<p>O projeto \u201cConstru\u00e7\u00e3o de Usinas Fotovoltaicas na Bacia do Paraopeba\u201d comp\u00f5e o\u00a0<a href=\"https:\/\/www.mg.gov.br\/pro-brumadinho\/pagina\/reparacao-brumadinho-projetos-de-fortalecimento-dos-servicos-publicos-para-0\" target=\"_blank\" rel=\"noopener\">Programa de Repara\u00e7\u00e3o Socioecon\u00f4mica (Anexo I.3)<\/a>\u00a0do Termo de Repara\u00e7\u00e3o ao rompimento da Vale em Brumadinho, que provocou 272 mortes e gerou uma s\u00e9rie de danos sociais, econ\u00f4micos e ambientais.<\/p>\n<p>Al\u00e9m de Curvelo e Morada Nova de Minas, outros nove munic\u00edpios da regi\u00e3o atingida tamb\u00e9m est\u00e3o recebendo usinas de capta\u00e7\u00e3o de energia solar. Entre janeiro e mar\u00e7o deste ano, os\u00a0<a href=\"https:\/\/www.mg.gov.br\/pro-brumadinho\/pagina\/compromitentes-do-acordo-judicial-de-reparacao-ao-rompimento-em-brumadinho\" target=\"_blank\" rel=\"noopener\">compromitentes<\/a>\u00a0do Termo de Repara\u00e7\u00e3o \u2013\u00a0<a href=\"https:\/\/www.mg.gov.br\/\" target=\"_blank\" rel=\"noopener\">Governo de Minas<\/a>, Minist\u00e9rio P\u00fablico de Minas Gerais (MPMG), Minist\u00e9rio P\u00fablico Federal (MPF) e Defensoria P\u00fablica de Minas Gerais (DP-MG) \u2013\u00a0<a href=\"https:\/\/www.mg.gov.br\/pro-brumadinho\/noticias\/sete-municipios-atingidos-pelo-rompimento-da-vale-em-brumadinho-vao-receber\" target=\"_blank\" rel=\"noopener\">autorizaram o in\u00edcio<\/a>\u00a0da instala\u00e7\u00e3o de 114 unidades em nove munic\u00edpios, sendo: Biquinhas (3), Caetan\u00f3polis (6), Felixl\u00e2ndia (1), Florestal (1), Maravilhas (21), Pequi (11), S\u00e3o Jos\u00e9 da Varginha (9), Juatuba (54) e Papagaios (8).<\/p>\n<p>A execu\u00e7\u00e3o dos projetos de repara\u00e7\u00e3o socioecon\u00f4mica \u00e9 acompanhada por auditoria independente da Funda\u00e7\u00e3o Get\u00falio Vargas (FGV).\u00a0O\u00a0andamento pode ser acompanhado no portal da auditoria da FGV. Em Curvelo, al\u00e9m das usinas fotovoltaicas, outros dez projetos para fortalecimento dos servi\u00e7os p\u00fablicos (Anexo I.3) est\u00e3o em execu\u00e7\u00e3o. J\u00e1 em Morada Nova de Minas, s\u00e3o nove projetos no total.<\/p>\n<p><span style=\"font-weight: 400;\">Fonte: Ag\u00eancia Minas <\/span><\/p>\n","protected":false},"excerpt":{"rendered":"<p>Os munic\u00edpios de Curvelo e Morada Nova de Minas, na regi\u00e3o Central do estado,\u00a0v\u00e3o receber usinas para gera\u00e7\u00e3o de energia solar (fotovoltaicas) em im\u00f3veis e equipamentos das prefeituras. Esta iniciativa amplia a utiliza\u00e7\u00e3o de energia limpa e reduz os gastos p\u00fablicos dos munic\u00edpios com energia el\u00e9trica, possibilitando a realiza\u00e7\u00e3o de investimentos em outras \u00e1reas priorit\u00e1rias, [&hellip;]<\/p>\n","protected":false},"author":246,"featured_media":214001,"comment_status":"closed","ping_status":"closed","sticky":false,"template":"","format":"standard","meta":{"footnotes":""},"categories":[436,254,439],"tags":[],"class_list":["post-214000","post","type-post","status-publish","format-standard","has-post-thumbnail","hentry","category-destaque-da-semana","category-politica","category-ultima-hora"],"_links":{"self":[{"href":"https:\/\/diarioregionaldigital.com.br\/index.php?rest_route=\/wp\/v2\/posts\/214000","targetHints":{"allow":["GET"]}}],"collection":[{"href":"https:\/\/diarioregionaldigital.com.br\/index.php?rest_route=\/wp\/v2\/posts"}],"about":[{"href":"https:\/\/diarioregionaldigital.com.br\/index.php?rest_route=\/wp\/v2\/types\/post"}],"author":[{"embeddable":true,"href":"https:\/\/diarioregionaldigital.com.br\/index.php?rest_route=\/wp\/v2\/users\/246"}],"replies":[{"embeddable":true,"href":"https:\/\/diarioregionaldigital.com.br\/index.php?rest_route=%2Fwp%2Fv2%2Fcomments&post=214000"}],"version-history":[{"count":1,"href":"https:\/\/diarioregionaldigital.com.br\/index.php?rest_route=\/wp\/v2\/posts\/214000\/revisions"}],"predecessor-version":[{"id":214002,"href":"https:\/\/diarioregionaldigital.com.br\/index.php?rest_route=\/wp\/v2\/posts\/214000\/revisions\/214002"}],"wp:featuredmedia":[{"embeddable":true,"href":"https:\/\/diarioregionaldigital.com.br\/index.php?rest_route=\/wp\/v2\/media\/214001"}],"wp:attachment":[{"href":"https:\/\/diarioregionaldigital.com.br\/index.php?rest_route=%2Fwp%2Fv2%2Fmedia&parent=214000"}],"wp:term":[{"taxonomy":"category","embeddable":true,"href":"https:\/\/diarioregionaldigital.com.br\/index.php?rest_route=%2Fwp%2Fv2%2Fcategories&post=214000"},{"taxonomy":"post_tag","embeddable":true,"href":"https:\/\/diarioregionaldigital.com.br\/index.php?rest_route=%2Fwp%2Fv2%2Ftags&post=214000"}],"curies":[{"name":"wp","href":"https:\/\/api.w.org\/{rel}","templated":true}]}}