{"id":213988,"date":"2023-05-19T21:57:02","date_gmt":"2023-05-20T00:57:02","guid":{"rendered":"https:\/\/diarioregionaldigital.com.br\/?p=213988"},"modified":"2023-05-19T21:57:02","modified_gmt":"2023-05-20T00:57:02","slug":"producao-industrial-tem-alta-em-11-de-15-regioes-pesquisadas-em-marco","status":"publish","type":"post","link":"https:\/\/diarioregionaldigital.com.br\/?p=213988","title":{"rendered":"Produ\u00e7\u00e3o industrial tem alta em 11 de 15 regi\u00f5es pesquisadas em mar\u00e7o"},"content":{"rendered":"<p>A produ\u00e7\u00e3o industrial cresceu em 11 dos 15 locais pesquisados pelo Instituto Brasileiro de Geografia e Estat\u00edstica (IBGE), de fevereiro para mar\u00e7o. Segundo a Pesquisa Industrial Mensal \u2013 Produ\u00e7\u00e3o F\u00edsica Regional, divulgada nesta sexta-feira (19), as maiores altas foram registradas nos estados do Mato Grosso (9,3%), Amazonas (8,7%) e Pernambuco (8,1%).<\/p>\n<p>Mas foi o Rio Grande do Sul, com peso maior da ind\u00fastria do que os outros tr\u00eas estados que tiveram maiores altas, que mais contribuiu para a expans\u00e3o nacional de 1,1%. O estado apresentou crescimento de 5,6%. \u201cO resultado de mar\u00e7o vem ap\u00f3s dois meses seguidos de resultados negativos. Alguns setores que antes apresentavam trajet\u00f3ria negativa, em mar\u00e7o mostraram crescimento. Os de ve\u00edculos automotores e derivados do petr\u00f3leo impactaram no desempenho da ind\u00fastria ga\u00facha. Esse avan\u00e7o no estado tamb\u00e9m elimina parte da perda acumulada nos dois meses anteriores, de 11,5%\u201d, afirma o analista do IBGE Bernardo Almeida.<\/p>\n<p>Tamb\u00e9m tiveram altas de fevereiro para mar\u00e7o nos estados da Bahia (5,6%), Par\u00e1 (4,3%), Cear\u00e1 (4%), Minas Gerais (1,5%), Rio de Janeiro (0,7%) e S\u00e3o Paulo (0,2%). A \u00fanica regi\u00e3o pesquisada, Nordeste, cresceu 6,8%.<\/p>\n<p>Por outro lado, quatro estados tiveram queda na taxa: Esp\u00edrito Santo (-1,8%), Santa Catarina (-1,4%), Goi\u00e1s (-1,4%) e Paran\u00e1 (-1,3%).<\/p>\n<p>No acumulado de 12 meses, no entanto, apenas seis locais tiveram alta, enquanto em nove houve queda.<\/p>\n<h2>Novos dados<\/h2>\n<p>Pela primeira vez, nesta edi\u00e7\u00e3o da pesquisa, o IBGE divulgou tamb\u00e9m o resultado para os estados do Rio Grande do Norte, Mato Grosso do Sul e Maranh\u00e3o, al\u00e9m dos 15 tradicionalmente pesquisados.<\/p>\n<p>Na compara\u00e7\u00e3o com mar\u00e7o de 2022, foi registrada alta, em nove dos 18 locais pesquisados, com destaque para Amazonas (23,5%), Mato Grosso do Sul (8,6%) e Minas Gerais (7,3%). No Rio Grande do Norte, a ind\u00fastria cresceu 1,3%, enquanto no Maranh\u00e3o, o avan\u00e7o foi de 6,6%.<\/p>\n<p>Por outro lado, nove locais tiveram queda, com destaque para Rio Grande do Sul (-6,5%) e em Goi\u00e1s (-5,3%).<\/p>\n<p>No acumulado do ano, 13 locais tiveram queda, entre eles Rio Grande do Sul (-9,2%), Mato Grosso (-7,4%) e Bahia (-5,2%). Em cinco, houve alta, sendo a maior delas no Amazonas (14,8%).<\/p>\n<p><span style=\"font-weight: 400;\"><br \/>\n<\/span><span style=\"font-weight: 400;\">Fonte: Ag\u00eancia Brasil\u00a0<\/span><span style=\"font-weight: 400;\"><br \/>\n<\/span><\/p>\n","protected":false},"excerpt":{"rendered":"<p>A produ\u00e7\u00e3o industrial cresceu em 11 dos 15 locais pesquisados pelo Instituto Brasileiro de Geografia e Estat\u00edstica (IBGE), de fevereiro para mar\u00e7o. Segundo a Pesquisa Industrial Mensal \u2013 Produ\u00e7\u00e3o F\u00edsica Regional, divulgada nesta sexta-feira (19), as maiores altas foram registradas nos estados do Mato Grosso (9,3%), Amazonas (8,7%) e Pernambuco (8,1%). Mas foi o Rio [&hellip;]<\/p>\n","protected":false},"author":246,"featured_media":213990,"comment_status":"closed","ping_status":"closed","sticky":false,"template":"","format":"standard","meta":{"footnotes":""},"categories":[436,261,439],"tags":[],"class_list":["post-213988","post","type-post","status-publish","format-standard","has-post-thumbnail","hentry","category-destaque-da-semana","category-economia","category-ultima-hora"],"_links":{"self":[{"href":"https:\/\/diarioregionaldigital.com.br\/index.php?rest_route=\/wp\/v2\/posts\/213988","targetHints":{"allow":["GET"]}}],"collection":[{"href":"https:\/\/diarioregionaldigital.com.br\/index.php?rest_route=\/wp\/v2\/posts"}],"about":[{"href":"https:\/\/diarioregionaldigital.com.br\/index.php?rest_route=\/wp\/v2\/types\/post"}],"author":[{"embeddable":true,"href":"https:\/\/diarioregionaldigital.com.br\/index.php?rest_route=\/wp\/v2\/users\/246"}],"replies":[{"embeddable":true,"href":"https:\/\/diarioregionaldigital.com.br\/index.php?rest_route=%2Fwp%2Fv2%2Fcomments&post=213988"}],"version-history":[{"count":1,"href":"https:\/\/diarioregionaldigital.com.br\/index.php?rest_route=\/wp\/v2\/posts\/213988\/revisions"}],"predecessor-version":[{"id":213991,"href":"https:\/\/diarioregionaldigital.com.br\/index.php?rest_route=\/wp\/v2\/posts\/213988\/revisions\/213991"}],"wp:featuredmedia":[{"embeddable":true,"href":"https:\/\/diarioregionaldigital.com.br\/index.php?rest_route=\/wp\/v2\/media\/213990"}],"wp:attachment":[{"href":"https:\/\/diarioregionaldigital.com.br\/index.php?rest_route=%2Fwp%2Fv2%2Fmedia&parent=213988"}],"wp:term":[{"taxonomy":"category","embeddable":true,"href":"https:\/\/diarioregionaldigital.com.br\/index.php?rest_route=%2Fwp%2Fv2%2Fcategories&post=213988"},{"taxonomy":"post_tag","embeddable":true,"href":"https:\/\/diarioregionaldigital.com.br\/index.php?rest_route=%2Fwp%2Fv2%2Ftags&post=213988"}],"curies":[{"name":"wp","href":"https:\/\/api.w.org\/{rel}","templated":true}]}}