{"id":213959,"date":"2023-05-18T23:52:36","date_gmt":"2023-05-19T02:52:36","guid":{"rendered":"https:\/\/diarioregionaldigital.com.br\/?p=213959"},"modified":"2023-05-18T23:52:36","modified_gmt":"2023-05-19T02:52:36","slug":"festival-leva-esportes-paralimpicos-a-criancas-com-e-sem-deficiencia","status":"publish","type":"post","link":"https:\/\/diarioregionaldigital.com.br\/?p=213959","title":{"rendered":"Festival leva esportes paral\u00edmpicos a crian\u00e7as com e sem defici\u00eancia"},"content":{"rendered":"<p>A primeira edi\u00e7\u00e3o do Festival Paral\u00edmpico de 2023 ser\u00e1 realizada neste s\u00e1bado (20), das 9h \u00e0s 12h30 (hor\u00e1rio de cada local), em 119 n\u00facleos espalhados pelos 26 estados do pa\u00eds e o Distrito Federal. O evento promove a experimenta\u00e7\u00e3o de esportes paral\u00edmpicos a crian\u00e7as de jovens de 8 a 17 anos, por meio de atividades que os simulam de forma l\u00fadica.<\/p>\n<p>A participa\u00e7\u00e3o se d\u00e1 mediante<a href=\"https:\/\/docs.google.com\/forms\/d\/e\/1FAIpQLSdYwqR5mr_1_JVz7d46Nfr3-BTbihZBbv9CoT-i-PzuW_eLlw\/viewform\">\u00a0inscri\u00e7\u00e3o gratuita<\/a>, que estar\u00e1 aberta at\u00e9 o dia do festival. Segundo o Comit\u00ea Paral\u00edmpico Brasileiro (CPB), organizador do evento, 80% das vagas s\u00e3o para crian\u00e7as e jovens com algum comprometimento f\u00edsico, visual ou intelectual. As demais s\u00e3o destinadas ao p\u00fablico sem defici\u00eancia. A expectativa \u00e9 receber cerca de 16 mil pessoas.<\/p>\n<blockquote><p>&#8220;O nosso objetivo \u00e9 mostrar as modalidades para os participantes e despertar neles a vontade de praticar esportes diariamente. \u00c9 uma forma de impactarmos suas vidas, de forma positiva&#8221;, destacou o diretor de Desenvolvimento Esportivo do CPB, Ramon Pereira, ao site da entidade.<\/p><\/blockquote>\n<p>Os<a href=\"https:\/\/www.cpb.org.br\/upload\/link\/4280801c4cc94faebff77b95416be248.pdf\">\u00a0locais selecionados para o festival<\/a>\u00a0foram anunciados em mar\u00e7o. Trinta e quatro das 119 sedes integram o projeto de Centros de Refer\u00eancia, elaborado pelo CPB em 2017, que oferece modalidades paral\u00edmpicas, da inicia\u00e7\u00e3o ao alto rendimento, em espa\u00e7os esportivos situados em diferentes pontos do pa\u00eds.<\/p>\n<p>\u00c9 a primeira vez que a a\u00e7\u00e3o acontecer\u00e1 duas vezes no mesmo ano. A pr\u00f3xima edi\u00e7\u00e3o est\u00e1 marcada para 23 de setembro, um s\u00e1bado, encerrando a semana em que se comemora o Dia Nacional de Luta das Pessoas com Defici\u00eancia (21 de setembro) e o Dia Nacional do Atleta Paral\u00edmpico (22 de setembro).<\/p>\n<p>O Festival Paral\u00edmpico foi realizado pela primeira vez em 2018, reunindo mais de sete mil crian\u00e7as e jovens de 48 cidades do pa\u00eds. A edi\u00e7\u00e3o com mais participantes at\u00e9 o momento foi a do ano passado, envolvendo cerca de 15 mil pessoas em 98 munic\u00edpios.<\/p>\n<p><span style=\"font-weight: 400;\">Fonte: Ag\u00eancia Brasil <\/span><\/p>\n","protected":false},"excerpt":{"rendered":"<p>A primeira edi\u00e7\u00e3o do Festival Paral\u00edmpico de 2023 ser\u00e1 realizada neste s\u00e1bado (20), das 9h \u00e0s 12h30 (hor\u00e1rio de cada local), em 119 n\u00facleos espalhados pelos 26 estados do pa\u00eds e o Distrito Federal. O evento promove a experimenta\u00e7\u00e3o de esportes paral\u00edmpicos a crian\u00e7as de jovens de 8 a 17 anos, por meio de atividades [&hellip;]<\/p>\n","protected":false},"author":246,"featured_media":213960,"comment_status":"closed","ping_status":"closed","sticky":false,"template":"","format":"standard","meta":{"footnotes":""},"categories":[436,257,439],"tags":[],"class_list":["post-213959","post","type-post","status-publish","format-standard","has-post-thumbnail","hentry","category-destaque-da-semana","category-esporte","category-ultima-hora"],"_links":{"self":[{"href":"https:\/\/diarioregionaldigital.com.br\/index.php?rest_route=\/wp\/v2\/posts\/213959","targetHints":{"allow":["GET"]}}],"collection":[{"href":"https:\/\/diarioregionaldigital.com.br\/index.php?rest_route=\/wp\/v2\/posts"}],"about":[{"href":"https:\/\/diarioregionaldigital.com.br\/index.php?rest_route=\/wp\/v2\/types\/post"}],"author":[{"embeddable":true,"href":"https:\/\/diarioregionaldigital.com.br\/index.php?rest_route=\/wp\/v2\/users\/246"}],"replies":[{"embeddable":true,"href":"https:\/\/diarioregionaldigital.com.br\/index.php?rest_route=%2Fwp%2Fv2%2Fcomments&post=213959"}],"version-history":[{"count":1,"href":"https:\/\/diarioregionaldigital.com.br\/index.php?rest_route=\/wp\/v2\/posts\/213959\/revisions"}],"predecessor-version":[{"id":213961,"href":"https:\/\/diarioregionaldigital.com.br\/index.php?rest_route=\/wp\/v2\/posts\/213959\/revisions\/213961"}],"wp:featuredmedia":[{"embeddable":true,"href":"https:\/\/diarioregionaldigital.com.br\/index.php?rest_route=\/wp\/v2\/media\/213960"}],"wp:attachment":[{"href":"https:\/\/diarioregionaldigital.com.br\/index.php?rest_route=%2Fwp%2Fv2%2Fmedia&parent=213959"}],"wp:term":[{"taxonomy":"category","embeddable":true,"href":"https:\/\/diarioregionaldigital.com.br\/index.php?rest_route=%2Fwp%2Fv2%2Fcategories&post=213959"},{"taxonomy":"post_tag","embeddable":true,"href":"https:\/\/diarioregionaldigital.com.br\/index.php?rest_route=%2Fwp%2Fv2%2Ftags&post=213959"}],"curies":[{"name":"wp","href":"https:\/\/api.w.org\/{rel}","templated":true}]}}