{"id":213956,"date":"2023-05-18T23:51:15","date_gmt":"2023-05-19T02:51:15","guid":{"rendered":"https:\/\/diarioregionaldigital.com.br\/?p=213956"},"modified":"2023-05-18T23:51:15","modified_gmt":"2023-05-19T02:51:15","slug":"nadal-desiste-de-roland-garros-por-lesao-e-avalia-se-aposentar-em-2024","status":"publish","type":"post","link":"https:\/\/diarioregionaldigital.com.br\/?p=213956","title":{"rendered":"Nadal desiste de Roland Garros por les\u00e3o e avalia se aposentar em 2024"},"content":{"rendered":"<p>O tenista espanhol Rafael Nadal, conhecido como Rei do Saibro, desistiu de disputar o torneio Roland Garros, em Paris. Durante coletiva nesta quinta-feira (18), o ex-n\u00famero 1 do mundo\u00a0disse que ainda n\u00e3o se recuperou de uma les\u00e3o no quadril sofrida em janeiro. Nadal, de 36 anos, revelou ainda que pode encerrar a carreira no ano que vem.<\/p>\n<p>&#8220;Procurarei estar 100% pronto para o pr\u00f3ximo ano, que acredito ser o \u00faltimo ano da minha carreira profissional&#8221;, disse o espanhol, de acordo com a ag\u00eancia Reuters. &#8220;N\u00e3o vou marcar uma data para o meu retorno. Vou ver como meu corpo responde e partir da\u00ed&#8230; se puder voltar at\u00e9 o final do ano para a Copa Davis&#8221;, projetou.<\/p>\n<p>A rela\u00e7\u00e3o afetiva de Nadal com Roland Garros come\u00e7ou em 2005, quando o espanhol conquistou o primeiro de 22 t\u00edtulos de Grand Slam no saibro parisiense. De l\u00e1 para c\u00e1, nunca ficou fora da chave principal torneio e levantou a ta\u00e7a por 14 vezes, da\u00ed o apelido de Rei do Saibro.<\/p>\n<p>&#8220;Neste momento, n\u00e3o poderei estar em Roland Garros. Com o que esse torneio representa para mim, voc\u00ea pode imaginar o qu\u00e3o dif\u00edcil \u00e9&#8221;, lamentou. &#8220;Se continuar jogando neste momento, acho que n\u00e3o posso estar l\u00e1 no pr\u00f3ximo ano&#8230; para poder jogar os torneios que quero dizer adeus a quem me apoiou&#8221;, concluiu.<\/p>\n<p>Nesta temporada Nadal ficou de fora do Masters 100 de Roma e de Madri, Monte Carlo, Indian Wells, Miami e Bacelona. Com as desist\u00eancias, o multicampe\u00e3o\u00a0caiu para a 14\u00aa posi\u00e7\u00e3o no ranking mundial. Ap\u00f3s a aus\u00eancia em Roland Garros este ano, Nadal deve ficar de fora da lista de 100 melhores do mundo, pela primeira vez na careira, desde 2003.<\/p>\n<p><span style=\"font-weight: 400;\">Fonte: Ag\u00eancia Brasil <\/span><\/p>\n","protected":false},"excerpt":{"rendered":"<p>O tenista espanhol Rafael Nadal, conhecido como Rei do Saibro, desistiu de disputar o torneio Roland Garros, em Paris. Durante coletiva nesta quinta-feira (18), o ex-n\u00famero 1 do mundo\u00a0disse que ainda n\u00e3o se recuperou de uma les\u00e3o no quadril sofrida em janeiro. Nadal, de 36 anos, revelou ainda que pode encerrar a carreira no ano [&hellip;]<\/p>\n","protected":false},"author":246,"featured_media":213957,"comment_status":"closed","ping_status":"closed","sticky":false,"template":"","format":"standard","meta":{"footnotes":""},"categories":[436,257,439],"tags":[],"class_list":["post-213956","post","type-post","status-publish","format-standard","has-post-thumbnail","hentry","category-destaque-da-semana","category-esporte","category-ultima-hora"],"_links":{"self":[{"href":"https:\/\/diarioregionaldigital.com.br\/index.php?rest_route=\/wp\/v2\/posts\/213956","targetHints":{"allow":["GET"]}}],"collection":[{"href":"https:\/\/diarioregionaldigital.com.br\/index.php?rest_route=\/wp\/v2\/posts"}],"about":[{"href":"https:\/\/diarioregionaldigital.com.br\/index.php?rest_route=\/wp\/v2\/types\/post"}],"author":[{"embeddable":true,"href":"https:\/\/diarioregionaldigital.com.br\/index.php?rest_route=\/wp\/v2\/users\/246"}],"replies":[{"embeddable":true,"href":"https:\/\/diarioregionaldigital.com.br\/index.php?rest_route=%2Fwp%2Fv2%2Fcomments&post=213956"}],"version-history":[{"count":1,"href":"https:\/\/diarioregionaldigital.com.br\/index.php?rest_route=\/wp\/v2\/posts\/213956\/revisions"}],"predecessor-version":[{"id":213958,"href":"https:\/\/diarioregionaldigital.com.br\/index.php?rest_route=\/wp\/v2\/posts\/213956\/revisions\/213958"}],"wp:featuredmedia":[{"embeddable":true,"href":"https:\/\/diarioregionaldigital.com.br\/index.php?rest_route=\/wp\/v2\/media\/213957"}],"wp:attachment":[{"href":"https:\/\/diarioregionaldigital.com.br\/index.php?rest_route=%2Fwp%2Fv2%2Fmedia&parent=213956"}],"wp:term":[{"taxonomy":"category","embeddable":true,"href":"https:\/\/diarioregionaldigital.com.br\/index.php?rest_route=%2Fwp%2Fv2%2Fcategories&post=213956"},{"taxonomy":"post_tag","embeddable":true,"href":"https:\/\/diarioregionaldigital.com.br\/index.php?rest_route=%2Fwp%2Fv2%2Ftags&post=213956"}],"curies":[{"name":"wp","href":"https:\/\/api.w.org\/{rel}","templated":true}]}}