{"id":213896,"date":"2023-05-17T16:16:55","date_gmt":"2023-05-17T19:16:55","guid":{"rendered":"https:\/\/diarioregionaldigital.com.br\/?p=213896"},"modified":"2023-05-17T16:16:55","modified_gmt":"2023-05-17T19:16:55","slug":"criancas-com-deficiencia-intelectual-sao-38-dos-inscritos-no-festival-paralimpico-deste-sabado","status":"publish","type":"post","link":"https:\/\/diarioregionaldigital.com.br\/?p=213896","title":{"rendered":"Crian\u00e7as com defici\u00eancia intelectual s\u00e3o 38% dos inscritos no Festival Paral\u00edmpico deste s\u00e1bado"},"content":{"rendered":"<p>O\u00a0<u><strong><a href=\"https:\/\/www.cpb.org.br\/noticia\/detalhe\/5187\/festival-paralimpico-tem-expectativa-de-reunir-mais-de-16-mil-criancas-em-todo-o-brasil-neste-sabado-20\" target=\"_blank\" rel=\"noopener\">Festival Paral\u00edmpico deve reunir mais de 16 mil crian\u00e7as e jovens em 119 locais das 27 unidades federativas do Brasil<\/a><\/strong><\/u>, neste s\u00e1bado, 20. O evento \u00e9 organizado pelo Comit\u00ea Paral\u00edmpico Brasileiro (CPB) e tem o objetivo de promover atividades esportivas l\u00fadicas, que simulam a pr\u00e1tica de modalidades paral\u00edmpicas, como v\u00f4lei sentado, atletismo, goalball, badminton,\u00a0<u><strong><a href=\"https:\/\/www.cpb.org.br\/noticia\/detalhe\/5190\/festival-paralimpico-oferece-surfe-adaptado-modalidade-pode-estrear-nos-jogos-de-los-angeles-2028\" target=\"_blank\" rel=\"noopener\">surfe adaptado<\/a><\/strong><\/u>, entre outras.<\/p>\n<p>At\u00e9 a manh\u00e3 dessa ter\u00e7a-feira, 16, o CPB havia recebido 15.086 inscri\u00e7\u00f5es, dentre as quais 81,6% (aproximadamente 12.200) eram de participantes com defici\u00eancias. A maior parte deles t\u00eam defici\u00eancia intelectual (37,8%). Depois, v\u00eam as crian\u00e7as e os jovens com transtorno do espectro autista (19,5 %) e os com defici\u00eancias f\u00edsicas (10,8%). Os outros inscritos se dividem entre os que t\u00eam defici\u00eancias visual, auditiva e m\u00faltiplas.<\/p>\n<p>Para o diretor de Desenvolvimento Esportivo do CPB, Ramon Pereira, o Festival \u00e9 a oportunidade ideal para despertar o interesse pelo esporte paral\u00edmpico em toda a popula\u00e7\u00e3o brasileira. &#8220;N\u00f3s levamos a pr\u00e1tica e um maior conhecimento sobre o Movimento Paral\u00edmpico para todo o territ\u00f3rio nacional, de uma maneira prazerosa, como forma de brincadeira. \u00c9 uma manh\u00e3 de divers\u00e3o. Al\u00e9m das crian\u00e7as, os pais e todos os envolvidos compreendem os benef\u00edcios gerados pela pr\u00e1tica esportiva. Ent\u00e3o, muitos saem do evento e procuram uma associa\u00e7\u00e3o ou um de nossos Centros de Refer\u00eancia, fazendo com que as atividades f\u00edsicas virem uma rotina&#8221;, explicou Ramon.<\/p>\n<p><u><strong><a href=\"https:\/\/www.cpb.org.br\/upload\/link\/4280801c4cc94faebff77b95416be248.pdf\" target=\"_blank\" rel=\"noopener\">CONFIRA A LISTA DE TODOS OS N\u00daCLEOS SELECIONADOS AQUI.<\/a><\/strong><\/u><\/p>\n<p>Neste ano, pela primeira vez, o Festival ser\u00e1 realizado em duas edi\u00e7\u00f5es. A primeira etapa ser\u00e1 neste s\u00e1bado, 20, e a segunda, 23 de setembro.\u00a0<u><strong><a href=\"https:\/\/www.cpb.org.br\/noticia\/detalhe\/5141\/festival-paralimpico-esta-com-inscricoes-abertas-para-criancas-conhecerem-modalidades-paralimpicas\" target=\"_blank\" rel=\"noopener\">As inscri\u00e7\u00f5es ficar\u00e3o abertas at\u00e9 o dia das atividades.\u00a0<\/a><\/strong><\/u><\/p>\n<p>Dos n\u00facleos selecionados, 34 s\u00e3o Centros de Refer\u00eancia, projeto que faz parte do Plano Estrat\u00e9gico do CPB, elaborado em 2017 e revisitado em 2021, com o objetivo de aproveitar espa\u00e7os esportivos em estados de todas as regi\u00f5es do pa\u00eds para oferecer modalidades paral\u00edmpicas, desde a inicia\u00e7\u00e3o at\u00e9 o alto rendimento.<\/p>\n<p>A primeira edi\u00e7\u00e3o do Festival, em 2018, foi realizada em 48 cidades com a participa\u00e7\u00e3o de mais de 7.000 crian\u00e7as. Em 2019, o evento teve 70 sedes e atendeu mais de 10 mil crian\u00e7as. A edi\u00e7\u00e3o de 2020 foi cancelada devido \u00e0 pandemia de Covid-19.<\/p>\n<p>Em 2021, o Festival Paral\u00edmpico reuniu 8.000 crian\u00e7as em 70 sedes espalhadas pelo pa\u00eds. No ano passado,\u00a0<u><strong><a href=\"https:\/\/www.cpb.org.br\/noticia\/detalhe\/4530\/festival-paralimpico-loterias-caixa-reune-cerca-de-15-mil-criancas-por-todo-o-pais-em-sua-maior-edicao-da-historia\" target=\"_blank\" rel=\"noopener\">o evento teve a sua maior edi\u00e7\u00e3o at\u00e9 aqui, com cerca de 15 mil crian\u00e7as e adolescentes em 98 cidades.\u00a0<\/a><\/strong><\/u><\/p>\n<p><strong>Patroc\u00ednios<\/strong><br \/>\nO Festival Paral\u00edmpico conta com o patroc\u00ednio das Loterias Caixa.<\/p>\n<p>Fonte: CPB<\/p>\n","protected":false},"excerpt":{"rendered":"<p>O\u00a0Festival Paral\u00edmpico deve reunir mais de 16 mil crian\u00e7as e jovens em 119 locais das 27 unidades federativas do Brasil, neste s\u00e1bado, 20. O evento \u00e9 organizado pelo Comit\u00ea Paral\u00edmpico Brasileiro (CPB) e tem o objetivo de promover atividades esportivas l\u00fadicas, que simulam a pr\u00e1tica de modalidades paral\u00edmpicas, como v\u00f4lei sentado, atletismo, goalball, badminton,\u00a0surfe adaptado, [&hellip;]<\/p>\n","protected":false},"author":246,"featured_media":213897,"comment_status":"closed","ping_status":"closed","sticky":false,"template":"","format":"standard","meta":{"footnotes":""},"categories":[436,257,439],"tags":[],"class_list":["post-213896","post","type-post","status-publish","format-standard","has-post-thumbnail","hentry","category-destaque-da-semana","category-esporte","category-ultima-hora"],"_links":{"self":[{"href":"https:\/\/diarioregionaldigital.com.br\/index.php?rest_route=\/wp\/v2\/posts\/213896","targetHints":{"allow":["GET"]}}],"collection":[{"href":"https:\/\/diarioregionaldigital.com.br\/index.php?rest_route=\/wp\/v2\/posts"}],"about":[{"href":"https:\/\/diarioregionaldigital.com.br\/index.php?rest_route=\/wp\/v2\/types\/post"}],"author":[{"embeddable":true,"href":"https:\/\/diarioregionaldigital.com.br\/index.php?rest_route=\/wp\/v2\/users\/246"}],"replies":[{"embeddable":true,"href":"https:\/\/diarioregionaldigital.com.br\/index.php?rest_route=%2Fwp%2Fv2%2Fcomments&post=213896"}],"version-history":[{"count":1,"href":"https:\/\/diarioregionaldigital.com.br\/index.php?rest_route=\/wp\/v2\/posts\/213896\/revisions"}],"predecessor-version":[{"id":213898,"href":"https:\/\/diarioregionaldigital.com.br\/index.php?rest_route=\/wp\/v2\/posts\/213896\/revisions\/213898"}],"wp:featuredmedia":[{"embeddable":true,"href":"https:\/\/diarioregionaldigital.com.br\/index.php?rest_route=\/wp\/v2\/media\/213897"}],"wp:attachment":[{"href":"https:\/\/diarioregionaldigital.com.br\/index.php?rest_route=%2Fwp%2Fv2%2Fmedia&parent=213896"}],"wp:term":[{"taxonomy":"category","embeddable":true,"href":"https:\/\/diarioregionaldigital.com.br\/index.php?rest_route=%2Fwp%2Fv2%2Fcategories&post=213896"},{"taxonomy":"post_tag","embeddable":true,"href":"https:\/\/diarioregionaldigital.com.br\/index.php?rest_route=%2Fwp%2Fv2%2Ftags&post=213896"}],"curies":[{"name":"wp","href":"https:\/\/api.w.org\/{rel}","templated":true}]}}