{"id":213770,"date":"2023-05-15T22:24:16","date_gmt":"2023-05-16T01:24:16","guid":{"rendered":"https:\/\/diarioregionaldigital.com.br\/?p=213770"},"modified":"2023-05-15T22:24:16","modified_gmt":"2023-05-16T01:24:16","slug":"no-japao-presidente-tratara-de-paz-mundial-durante-cupula-do-g7","status":"publish","type":"post","link":"https:\/\/diarioregionaldigital.com.br\/?p=213770","title":{"rendered":"No Jap\u00e3o, presidente tratar\u00e1 de paz mundial durante C\u00fapula do G7"},"content":{"rendered":"<p>O Brasil participar\u00e1 como pa\u00eds convidado, da 49\u00aa c\u00fapula do G7,\u00a0grupo formado pelos sete pa\u00edses mais ricos do mundo: Alemanha, Canad\u00e1, Estados Unidos, Fran\u00e7a, It\u00e1lia, Jap\u00e3o, Reino Unido. O evento ocorre nos dias 20 e 21 de maio, em Hiroshima, no Jap\u00e3o. O convite ao presidente Luiz In\u00e1cio Lula da Silva foi feito pelo primeiro-ministro do Jap\u00e3o, Fumio Kishida.<\/p>\n<p>Segundo o secret\u00e1rio de Assuntos Econ\u00f4micos e Financeiros do Minist\u00e9rio das Rela\u00e7\u00f5es Exteriores (MRE), embaixador Mauricio Lyrio, o presidente brasileiro tratar\u00e1 de dois temas, priorit\u00e1rios: o desenvolvimento sustent\u00e1vel de pa\u00edses em desenvolvimento e a paz mundial \u2013 tema que o presidente tem defendido amplamente em reuni\u00f5es que tem participado no exterior.<\/p>\n<p>De acordo com a organiza\u00e7\u00e3o geral do evento, dentro dos temas em pauta durante a C\u00fapula do G7 est\u00e3o a agress\u00e3o da R\u00fassia contra a Ucr\u00e2nia; o desarmamento nuclear e a n\u00e3o prolifera\u00e7\u00e3o de armas nucleares; resili\u00eancia e seguran\u00e7a econ\u00f4mica; mudan\u00e7as clim\u00e1ticas e transi\u00e7\u00e3o energ\u00e9tica; seguran\u00e7a alimentar; sa\u00fade; al\u00e9m dos objetivos da Agenda 2030 para o Desenvolvimento Sustent\u00e1vel da Organiza\u00e7\u00e3o das Na\u00e7\u00f5es Unidas (ONU). Tamb\u00e9m ser\u00e3o discutidas \u00e1reas como g\u00eanero, direitos humanos, digitaliza\u00e7\u00e3o e ci\u00eancia e tecnologia.<\/p>\n<h2>Documentos do G7<\/h2>\n<p>Segundo o embaixador Lyrio, ao final da c\u00fapula dever\u00e3o ser apresentados dois documentos. O primeiro, com a posi\u00e7\u00e3o dos sete pa\u00edses-membros em rela\u00e7\u00e3o aos temas em pauta. O segundo, vai englobar o posicionamento do G7 e mais os pa\u00edses convidados para a c\u00fapula: Brasil, Austr\u00e1lia, Comores, Ilhas Cook, \u00cdndia, Indon\u00e9sia, Rep\u00fablica da Coreia e Vietn\u00e3, al\u00e9m de representantes das Na\u00e7\u00f5es Unidas, do Fundo Monet\u00e1rio Internacional, do Banco Mundial, da Organiza\u00e7\u00e3o para Coopera\u00e7\u00e3o e Desenvolvimento Econ\u00f4mico, da Ag\u00eancia Internacional de Energia, da Organiza\u00e7\u00e3o Mundial de Sa\u00fade, da Organiza\u00e7\u00e3o Mundial do Com\u00e9rcio e da Uni\u00e3o Europeia.<\/p>\n<p>O governo brasileiro trabalha para que a declara\u00e7\u00e3o final reflita a vis\u00e3o do Brasil a respeito do conflito entre R\u00fassia e Ucr\u00e2nia e acredita que deve haver um consenso em rela\u00e7\u00e3o \u00e0 seguran\u00e7a alimentar, informou o embaixador em entrevista a jornalistas.<\/p>\n<blockquote><p>\u201cComo \u00e9 uma declara\u00e7\u00e3o sobre seguran\u00e7a alimentar e h\u00e1 efeitos do conflito na Ucr\u00e2nia sobre acesso a alimentos, uma refer\u00eancia inicial dever\u00e1 ser feita ao conflito na Ucr\u00e2nia. E, naturalmente, o governo brasileiro negocia essa linguagem, para que seja compat\u00edvel com a linguagem que o Brasil tem usado sobre o tema, inclusive tem defendido na negocia\u00e7\u00e3o de resolu\u00e7\u00f5es em diversas inst\u00e2ncias internacionais, como a pr\u00f3pria ONU\u201d.<\/p><\/blockquote>\n<h2>Agenda<\/h2>\n<p>O presidente Lula embarca para o Jap\u00e3o nesta quarta-feira (17), acompanhado do ministro das Rela\u00e7\u00f5es Exteriores, embaixador Mauro Vieira, e uma comitiva do governo federal que ainda est\u00e1 sendo definida.<\/p>\n<p>Em Hiroshima, o presidente brasileiro participar\u00e1 das tr\u00eas reuni\u00f5es oficiais da c\u00fapula do G7, com temas pr\u00e9-definidos. No s\u00e1bado (20), os l\u00edderes v\u00e3o discutir quest\u00f5es relacionadas \u00e0 alimenta\u00e7\u00e3o, sa\u00fade, desenvolvimento e g\u00eanero. Na tarde do mesmo dia, a pauta inclui quest\u00f5es sobre clima, energia e meio ambiente.<\/p>\n<p>No domingo (21), o tema ser\u00e1 a necessidade de um mundo pr\u00f3spero, est\u00e1vel e pac\u00edfico. No mesmo dia, o presidente deve visitar o Museu do Parque Memorial da Paz de Hiroshima.<\/p>\n<p>Aos rep\u00f3rteres, o embaixador informou que Lula ter\u00e1 ainda tr\u00eas encontros bilaterais: com o primeiro-ministro da \u00cdndia, Narendra Modi; com o presidente da Indon\u00e9sia, Joko Widodo; e com o primeiro-ministro do Jap\u00e3o, Fumio Kishida.<\/p>\n<h2>Brasil no G7<\/h2>\n<p>Esta ser\u00e1 a s\u00e9tima participa\u00e7\u00e3o do presidente Lula em c\u00fapulas do G7. As seis primeiras ocorreram nos dois primeiros mandatos dele, entre os anos de 2003 e 2009. Desde 2009, o Brasil n\u00e3o comparecia a um encontro do grupo.<\/p>\n<p>De acordo com o Minist\u00e9rio das Rela\u00e7\u00f5es Exteriores, a retomada da participa\u00e7\u00e3o do Brasil em reuni\u00f5es do grupo sinaliza o engajamento do pa\u00eds com o G7 e marca o equil\u00edbrio no posicionamento brasileiro em temas sens\u00edveis do cen\u00e1rio internacional.<\/p>\n<p><span style=\"font-weight: 400;\">Fonte: Ag\u00eancia Brasil <\/span><\/p>\n","protected":false},"excerpt":{"rendered":"<p>O Brasil participar\u00e1 como pa\u00eds convidado, da 49\u00aa c\u00fapula do G7,\u00a0grupo formado pelos sete pa\u00edses mais ricos do mundo: Alemanha, Canad\u00e1, Estados Unidos, Fran\u00e7a, It\u00e1lia, Jap\u00e3o, Reino Unido. O evento ocorre nos dias 20 e 21 de maio, em Hiroshima, no Jap\u00e3o. O convite ao presidente Luiz In\u00e1cio Lula da Silva foi feito pelo primeiro-ministro [&hellip;]<\/p>\n","protected":false},"author":246,"featured_media":213771,"comment_status":"closed","ping_status":"closed","sticky":false,"template":"","format":"standard","meta":{"footnotes":""},"categories":[436,254,439],"tags":[],"class_list":["post-213770","post","type-post","status-publish","format-standard","has-post-thumbnail","hentry","category-destaque-da-semana","category-politica","category-ultima-hora"],"_links":{"self":[{"href":"https:\/\/diarioregionaldigital.com.br\/index.php?rest_route=\/wp\/v2\/posts\/213770","targetHints":{"allow":["GET"]}}],"collection":[{"href":"https:\/\/diarioregionaldigital.com.br\/index.php?rest_route=\/wp\/v2\/posts"}],"about":[{"href":"https:\/\/diarioregionaldigital.com.br\/index.php?rest_route=\/wp\/v2\/types\/post"}],"author":[{"embeddable":true,"href":"https:\/\/diarioregionaldigital.com.br\/index.php?rest_route=\/wp\/v2\/users\/246"}],"replies":[{"embeddable":true,"href":"https:\/\/diarioregionaldigital.com.br\/index.php?rest_route=%2Fwp%2Fv2%2Fcomments&post=213770"}],"version-history":[{"count":1,"href":"https:\/\/diarioregionaldigital.com.br\/index.php?rest_route=\/wp\/v2\/posts\/213770\/revisions"}],"predecessor-version":[{"id":213772,"href":"https:\/\/diarioregionaldigital.com.br\/index.php?rest_route=\/wp\/v2\/posts\/213770\/revisions\/213772"}],"wp:featuredmedia":[{"embeddable":true,"href":"https:\/\/diarioregionaldigital.com.br\/index.php?rest_route=\/wp\/v2\/media\/213771"}],"wp:attachment":[{"href":"https:\/\/diarioregionaldigital.com.br\/index.php?rest_route=%2Fwp%2Fv2%2Fmedia&parent=213770"}],"wp:term":[{"taxonomy":"category","embeddable":true,"href":"https:\/\/diarioregionaldigital.com.br\/index.php?rest_route=%2Fwp%2Fv2%2Fcategories&post=213770"},{"taxonomy":"post_tag","embeddable":true,"href":"https:\/\/diarioregionaldigital.com.br\/index.php?rest_route=%2Fwp%2Fv2%2Ftags&post=213770"}],"curies":[{"name":"wp","href":"https:\/\/api.w.org\/{rel}","templated":true}]}}