{"id":213767,"date":"2023-05-15T22:22:50","date_gmt":"2023-05-16T01:22:50","guid":{"rendered":"https:\/\/diarioregionaldigital.com.br\/?p=213767"},"modified":"2023-05-15T22:22:50","modified_gmt":"2023-05-16T01:22:50","slug":"pgr-defende-que-big-techs-devem-retirar-fake-news-do-ar-apos-alertadas","status":"publish","type":"post","link":"https:\/\/diarioregionaldigital.com.br\/?p=213767","title":{"rendered":"PGR defende que big techs devem retirar fake news do ar ap\u00f3s alertadas"},"content":{"rendered":"<p>O procurador-geral da Rep\u00fablica, Augusto Aras, defendeu\u00a0no Supremo Tribunal Federal (STF)\u00a0que as redes sociais devem ser obrigadas a adotar provid\u00eancias para retirar\u00a0<em>fake news<\/em>\u00a0publicadas por usu\u00e1rios dessas plataformas.<\/p>\n<p>O parecer foi enviado nesta segunda-feira (15) ao Supremo para embasar as a\u00e7\u00f5es que podem ser julgadas pela Corte. Na pr\u00f3xima quarta-feira (17), os ministros podem iniciar o julgamento sobre a responsabiliza\u00e7\u00e3o dos provedores pela manuten\u00e7\u00e3o de conte\u00fado ilegal.<\/p>\n<p>No entendimento de Aras, as redes sociais n\u00e3o podem fazer ju\u00edzo e controle pr\u00e9vio das publica\u00e7\u00f5es, mas devem retirar as mensagens ap\u00f3s serem alertadas, mesmo sem ordem judicial.<\/p>\n<p>\u201cTanto nos casos em que forem notificados quanto de forma espont\u00e2nea, h\u00e3o de adotar as provid\u00eancias necess\u00e1rias \u00e0 remo\u00e7\u00e3o da informa\u00e7\u00e3o reputada ofensiva, al\u00e9m de atuar com os devidos cuidados e dilig\u00eancia para evitar a manuten\u00e7\u00e3o de conte\u00fados sabidamente inver\u00eddicos, fraudulentos ou il\u00edcitos, podendo ser responsabilizados em casos de omiss\u00e3o\u201d, defendeu Aras.<\/p>\n<p>No caso espec\u00edfico que gerou a causa, o procurador se manifestou contra um recurso para impedir a indeniza\u00e7\u00e3o de uma usu\u00e1ria das redes sociais que foi v\u00edtima de um perfil falso criado em seu nome.<\/p>\n<p>\u201cUma vez constatado que o recorrente falhou na atua\u00e7\u00e3o conforme aos devidos cuidado e dilig\u00eancia e, mesmo ap\u00f3s a pr\u00e9via e expressa comunica\u00e7\u00e3o da recorrida com as respectivas raz\u00f5es para a exclus\u00e3o dos dados, manteve conte\u00fado claramente ofensivo e humilhante, h\u00e1 de se concluir pela responsabilidade do provedor de hospedagem, que deixou de atuar em prol da tutela dos direitos fundamentais da usu\u00e1ria\u201d, concluiu.<\/p>\n<p>Na pr\u00f3xima sess\u00e3o, est\u00e3o pautadas a\u00e7\u00f5es que tratam sobre as regras definidas no Marco Civil da Internet (Lei 12.965\/2014), que exigem ordem judicial pr\u00e9via para responsabiliza\u00e7\u00e3o dos provedores pela manuten\u00e7\u00e3o de conte\u00fado ilegal postado pelos usu\u00e1rios das plataformas. Tamb\u00e9m deve ser julgado um processo sobre a validade de decis\u00f5es judiciais que determinaram o bloqueio do aplicativo WhatsApp em todo o pa\u00eds, em 2020.<\/p>\n<p><span style=\"font-weight: 400;\">Fonte: Ag\u00eancia Brasil <\/span><\/p>\n","protected":false},"excerpt":{"rendered":"<p>O procurador-geral da Rep\u00fablica, Augusto Aras, defendeu\u00a0no Supremo Tribunal Federal (STF)\u00a0que as redes sociais devem ser obrigadas a adotar provid\u00eancias para retirar\u00a0fake news\u00a0publicadas por usu\u00e1rios dessas plataformas. O parecer foi enviado nesta segunda-feira (15) ao Supremo para embasar as a\u00e7\u00f5es que podem ser julgadas pela Corte. Na pr\u00f3xima quarta-feira (17), os ministros podem iniciar o [&hellip;]<\/p>\n","protected":false},"author":246,"featured_media":213768,"comment_status":"closed","ping_status":"closed","sticky":false,"template":"","format":"standard","meta":{"footnotes":""},"categories":[436,254,439],"tags":[],"class_list":["post-213767","post","type-post","status-publish","format-standard","has-post-thumbnail","hentry","category-destaque-da-semana","category-politica","category-ultima-hora"],"_links":{"self":[{"href":"https:\/\/diarioregionaldigital.com.br\/index.php?rest_route=\/wp\/v2\/posts\/213767","targetHints":{"allow":["GET"]}}],"collection":[{"href":"https:\/\/diarioregionaldigital.com.br\/index.php?rest_route=\/wp\/v2\/posts"}],"about":[{"href":"https:\/\/diarioregionaldigital.com.br\/index.php?rest_route=\/wp\/v2\/types\/post"}],"author":[{"embeddable":true,"href":"https:\/\/diarioregionaldigital.com.br\/index.php?rest_route=\/wp\/v2\/users\/246"}],"replies":[{"embeddable":true,"href":"https:\/\/diarioregionaldigital.com.br\/index.php?rest_route=%2Fwp%2Fv2%2Fcomments&post=213767"}],"version-history":[{"count":1,"href":"https:\/\/diarioregionaldigital.com.br\/index.php?rest_route=\/wp\/v2\/posts\/213767\/revisions"}],"predecessor-version":[{"id":213769,"href":"https:\/\/diarioregionaldigital.com.br\/index.php?rest_route=\/wp\/v2\/posts\/213767\/revisions\/213769"}],"wp:featuredmedia":[{"embeddable":true,"href":"https:\/\/diarioregionaldigital.com.br\/index.php?rest_route=\/wp\/v2\/media\/213768"}],"wp:attachment":[{"href":"https:\/\/diarioregionaldigital.com.br\/index.php?rest_route=%2Fwp%2Fv2%2Fmedia&parent=213767"}],"wp:term":[{"taxonomy":"category","embeddable":true,"href":"https:\/\/diarioregionaldigital.com.br\/index.php?rest_route=%2Fwp%2Fv2%2Fcategories&post=213767"},{"taxonomy":"post_tag","embeddable":true,"href":"https:\/\/diarioregionaldigital.com.br\/index.php?rest_route=%2Fwp%2Fv2%2Ftags&post=213767"}],"curies":[{"name":"wp","href":"https:\/\/api.w.org\/{rel}","templated":true}]}}