{"id":213755,"date":"2023-05-15T21:41:25","date_gmt":"2023-05-16T00:41:25","guid":{"rendered":"https:\/\/diarioregionaldigital.com.br\/?p=213755"},"modified":"2023-05-15T21:41:25","modified_gmt":"2023-05-16T00:41:25","slug":"dolar-fecha-o-dia-em-r-488-menor-cotacao-em-11-meses","status":"publish","type":"post","link":"https:\/\/diarioregionaldigital.com.br\/?p=213755","title":{"rendered":"D\u00f3lar fecha o dia em R$ 4,88, menor cota\u00e7\u00e3o em 11 meses"},"content":{"rendered":"<p>O d\u00f3lar comercial caiu 0,72% nesta segunda-feira (15) e encerrou o dia cotado a R$ 4,888, no menor valor desde o dia 7 de junho de 2022, quando fechou em R$ 4,874.<\/p>\n<p>A atra\u00e7\u00e3o de d\u00f3lares \u00e9 influenciada principalmente pela taxa b\u00e1sica de juros, atualmente em 13,75% ao ano, o que deixa o pa\u00eds com juro real maior do que grande parte das economias emergentes do planeta. Al\u00e9m disso, o fim do ciclo de alta dos juros nos Estados Unidos e o avan\u00e7o de medidas de controle de gastos p\u00fablicos, como o projeto do arcabou\u00e7o fiscal, que pode ser votado essa semana na C\u00e2mara dos Deputados, influenciam favoravelmente na queda do d\u00f3lar frente ao real no mercado de c\u00e2mbio.<\/p>\n<p>J\u00e1 o Ibovespa, principal \u00edndice da Bolsa de Valores brasileira (B3), fechou o preg\u00e3o em alta de 0,52%, aos 109.029,12 pontos. \u00c9 a oitava alta consecutiva.<\/p>\n<p>O d\u00f3lar comercial \u00e9 a cota\u00e7\u00e3o utilizada como refer\u00eancia em transa\u00e7\u00f5es de com\u00e9rcios exterior, de mercadorias e servi\u00e7os envolvendo empresas, institui\u00e7\u00f5es financeiros e governo. J\u00e1 o d\u00f3lar turismo, que \u00e9 a cota\u00e7\u00e3o utilizada por quem quer viajar ou fazer compras do exterior, fechou o dia cotada a pouco mais de R$ 5, sem incluir taxas como o Imposto sobre Opera\u00e7\u00f5es Financeiras (IOF).<\/p>\n<p>A<strong>\u00a0Ag\u00eancia Brasil<\/strong>\u00a0passou a publicar\u00a0mat\u00e9rias sobre o fechamento do mercado financeiro apenas em dias extraordin\u00e1rios. A cota\u00e7\u00e3o do d\u00f3lar e o n\u00edvel da bolsa de valores n\u00e3o s\u00e3o mais informados diariamente.<\/p>\n<p><span style=\"font-weight: 400;\"><br \/>\n<\/span><span style=\"font-weight: 400;\">Fonte: Ag\u00eancia Brasil <\/span><\/p>\n","protected":false},"excerpt":{"rendered":"<p>O d\u00f3lar comercial caiu 0,72% nesta segunda-feira (15) e encerrou o dia cotado a R$ 4,888, no menor valor desde o dia 7 de junho de 2022, quando fechou em R$ 4,874. A atra\u00e7\u00e3o de d\u00f3lares \u00e9 influenciada principalmente pela taxa b\u00e1sica de juros, atualmente em 13,75% ao ano, o que deixa o pa\u00eds com [&hellip;]<\/p>\n","protected":false},"author":246,"featured_media":213756,"comment_status":"closed","ping_status":"closed","sticky":false,"template":"","format":"standard","meta":{"footnotes":""},"categories":[436,261,439],"tags":[],"class_list":["post-213755","post","type-post","status-publish","format-standard","has-post-thumbnail","hentry","category-destaque-da-semana","category-economia","category-ultima-hora"],"_links":{"self":[{"href":"https:\/\/diarioregionaldigital.com.br\/index.php?rest_route=\/wp\/v2\/posts\/213755","targetHints":{"allow":["GET"]}}],"collection":[{"href":"https:\/\/diarioregionaldigital.com.br\/index.php?rest_route=\/wp\/v2\/posts"}],"about":[{"href":"https:\/\/diarioregionaldigital.com.br\/index.php?rest_route=\/wp\/v2\/types\/post"}],"author":[{"embeddable":true,"href":"https:\/\/diarioregionaldigital.com.br\/index.php?rest_route=\/wp\/v2\/users\/246"}],"replies":[{"embeddable":true,"href":"https:\/\/diarioregionaldigital.com.br\/index.php?rest_route=%2Fwp%2Fv2%2Fcomments&post=213755"}],"version-history":[{"count":1,"href":"https:\/\/diarioregionaldigital.com.br\/index.php?rest_route=\/wp\/v2\/posts\/213755\/revisions"}],"predecessor-version":[{"id":213757,"href":"https:\/\/diarioregionaldigital.com.br\/index.php?rest_route=\/wp\/v2\/posts\/213755\/revisions\/213757"}],"wp:featuredmedia":[{"embeddable":true,"href":"https:\/\/diarioregionaldigital.com.br\/index.php?rest_route=\/wp\/v2\/media\/213756"}],"wp:attachment":[{"href":"https:\/\/diarioregionaldigital.com.br\/index.php?rest_route=%2Fwp%2Fv2%2Fmedia&parent=213755"}],"wp:term":[{"taxonomy":"category","embeddable":true,"href":"https:\/\/diarioregionaldigital.com.br\/index.php?rest_route=%2Fwp%2Fv2%2Fcategories&post=213755"},{"taxonomy":"post_tag","embeddable":true,"href":"https:\/\/diarioregionaldigital.com.br\/index.php?rest_route=%2Fwp%2Fv2%2Ftags&post=213755"}],"curies":[{"name":"wp","href":"https:\/\/api.w.org\/{rel}","templated":true}]}}