{"id":213742,"date":"2023-05-14T06:00:15","date_gmt":"2023-05-14T09:00:15","guid":{"rendered":"https:\/\/diarioregionaldigital.com.br\/?p=213742"},"modified":"2023-05-12T22:55:20","modified_gmt":"2023-05-13T01:55:20","slug":"o-perigo-de-isolar-se-de-deus","status":"publish","type":"post","link":"https:\/\/diarioregionaldigital.com.br\/?p=213742","title":{"rendered":"O perigo de isolar-se de Deus"},"content":{"rendered":"<p>Prov\u00e9rbios 11: 20. Abomina\u00e7\u00e3o para o Senhor s\u00e3o os perversos de cora\u00e7\u00e3o, mas os que s\u00e3o perfeitos em seu caminho s\u00e3o o seu deleite. &#8211; B\u00edblia NVI<\/p>\n<p>Os perversos de cora\u00e7\u00e3o n\u00e3o podem se aproximar de Deus. Pior \u00e9 que muitos n\u00e3o sabem disso, nem mesmo t\u00eam consci\u00eancia de que se tornaram perversos.<\/p>\n<p>A palavra perverso remete a dois significados: (1) desviar de seus prop\u00f3sitos, corromper-se. (2) praticar atos cru\u00e9is, tornar-se mau.<\/p>\n<p>A consequ\u00eancia da perversidade \u00e9 estar privado da rela\u00e7\u00e3o mais importante que uma pessoa precisa cultivar, o relacionamento com o Criador.<\/p>\n<p>E por que os perversos n\u00e3o podem se aproximar de Deus? Porque se desviaram do caminho indicado pelo pr\u00f3prio Criador. Como em qualquer situa\u00e7\u00e3o trivial, quando se toma o caminho errado, a consequ\u00eancia \u00e9 o desencontro, \u00e9 afastar-se do destino pretendido. No caso, o sentido que se toma \u00e9 o oposto do que leva ao Senhor.<\/p>\n<p>Ou seja, ao praticar a maldade toma-se a dire\u00e7\u00e3o oposta de Deus que \u00e9 justamente o bem em estado puro. Como as trevas que s\u00e3o a contraparte da presen\u00e7a de luz, o mal n\u00e3o \u00e9 uma subst\u00e2ncia em si, mas a aus\u00eancia de algo, no caso, do bem.<\/p>\n<p>O que leva ao mal? Escolher agir na contram\u00e3o do que Deus ensina, \u00e9 o resultado de escolhas equivocadas. Portanto, trata-se de um desvio em rela\u00e7\u00e3o aos prop\u00f3sitos conferidos pelo Criador, um defeito de \u00edndole.<\/p>\n<p>Na pr\u00e1tica, \u00e9 simplesmente o uso inadequado da liberdade.<\/p>\n<p>O Pai \u00e9 a bondade pura e incontamin\u00e1vel, \u00e9 a justi\u00e7a no sentido mais radical da palavra. Como Ele n\u00e3o pode negar nada de si, mesmo que ame cada pessoa criada, precisa deixar o indiv\u00edduo se afastar para que cada qual goze da liberdade que lhe foi dada de presente.<\/p>\n<p>E na raiz do problema verifica-se que a pessoa que age com maldade muitas vezes n\u00e3o reconhece em si mesma o mal que a prejudica, ao contr\u00e1rio, acredita que est\u00e1 fazendo o certo, imagina que existe um prop\u00f3sito naquilo, que tem uma raz\u00e3o para agir como age. Por isso mesmo, sintetiza em sua mente milhares de justificativas.<\/p>\n<p>Tem gente pensando at\u00e9 que os atos perversos s\u00e3o uma quest\u00e3o de sobreviv\u00eancia numa sociedade que \u00e9 sim pervertida. Dizem para si mesmos: se eu n\u00e3o agir assim, serei prejudicado.<\/p>\n<p>Tal pessoa n\u00e3o acorda pela manh\u00e3, olha o rosto no espelho e diz para si mesma: voc\u00ea \u00e9 perversa! Nada disso! Algumas at\u00e9 agu\u00e7am a percep\u00e7\u00e3o e v\u00eaem que est\u00e3o erradas, mas continuam insistindo no equivocado caminho que come\u00e7aram a percorrer.<\/p>\n","protected":false},"excerpt":{"rendered":"<p>Prov\u00e9rbios 11: 20. Abomina\u00e7\u00e3o para o Senhor s\u00e3o os perversos de cora\u00e7\u00e3o, mas os que s\u00e3o perfeitos em seu caminho s\u00e3o o seu deleite. &#8211; B\u00edblia NVI Os perversos de cora\u00e7\u00e3o n\u00e3o podem se aproximar de Deus. Pior \u00e9 que muitos n\u00e3o sabem disso, nem mesmo t\u00eam consci\u00eancia de que se tornaram perversos. A palavra [&hellip;]<\/p>\n","protected":false},"author":96,"featured_media":0,"comment_status":"closed","ping_status":"closed","sticky":false,"template":"","format":"standard","meta":{"footnotes":""},"categories":[1244],"tags":[],"class_list":["post-213742","post","type-post","status-publish","format-standard","hentry","category-oleg-abramov"],"_links":{"self":[{"href":"https:\/\/diarioregionaldigital.com.br\/index.php?rest_route=\/wp\/v2\/posts\/213742","targetHints":{"allow":["GET"]}}],"collection":[{"href":"https:\/\/diarioregionaldigital.com.br\/index.php?rest_route=\/wp\/v2\/posts"}],"about":[{"href":"https:\/\/diarioregionaldigital.com.br\/index.php?rest_route=\/wp\/v2\/types\/post"}],"author":[{"embeddable":true,"href":"https:\/\/diarioregionaldigital.com.br\/index.php?rest_route=\/wp\/v2\/users\/96"}],"replies":[{"embeddable":true,"href":"https:\/\/diarioregionaldigital.com.br\/index.php?rest_route=%2Fwp%2Fv2%2Fcomments&post=213742"}],"version-history":[{"count":1,"href":"https:\/\/diarioregionaldigital.com.br\/index.php?rest_route=\/wp\/v2\/posts\/213742\/revisions"}],"predecessor-version":[{"id":213743,"href":"https:\/\/diarioregionaldigital.com.br\/index.php?rest_route=\/wp\/v2\/posts\/213742\/revisions\/213743"}],"wp:attachment":[{"href":"https:\/\/diarioregionaldigital.com.br\/index.php?rest_route=%2Fwp%2Fv2%2Fmedia&parent=213742"}],"wp:term":[{"taxonomy":"category","embeddable":true,"href":"https:\/\/diarioregionaldigital.com.br\/index.php?rest_route=%2Fwp%2Fv2%2Fcategories&post=213742"},{"taxonomy":"post_tag","embeddable":true,"href":"https:\/\/diarioregionaldigital.com.br\/index.php?rest_route=%2Fwp%2Fv2%2Ftags&post=213742"}],"curies":[{"name":"wp","href":"https:\/\/api.w.org\/{rel}","templated":true}]}}